{"id":35465,"date":"2023-03-02T11:09:00","date_gmt":"2023-03-02T11:09:00","guid":{"rendered":"http:\/\/www.mycielewo.pl\/?p=35465"},"modified":"2023-03-06T11:13:39","modified_gmt":"2023-03-06T11:13:39","slug":"motywacja-do-nauki-uzaleznienia-behawioralne","status":"publish","type":"post","link":"https:\/\/mycielewo.pl\/?p=35465","title":{"rendered":"<strong><em>Motywacja do nauki, uzale\u017cnienia behawioralne<\/em><\/strong>"},"content":{"rendered":"\n<p><strong>2 marca 2023 roku, w odpowiedzi na zaproszenie p. M. Kwiatkowskiej, odby\u0142y si\u0119 warsztaty pt. <em>&#8222;Motywacja do nauki, uzale\u017cnienia behawioralne&#8221;<\/em> w dw\u00f3ch grupach tj. kl. VII-VIII oraz kl. V-VI. <\/strong><\/p>\n\n\n\n<p>Zaj\u0119cia prowadzi\u0142\u00a0p. Maciej z teatru &#8222;Kurtyna&#8221; z Krakowa. Uczniowie mogli\u00a0 zastanowi\u0107 si\u0119 nad celami, jakie sobie stawiaj\u0105, co jest dla nich wa\u017cne oraz jakie podej\u015bcie maj\u0105 do nauki.\u00a0 Podczas spotkania mieli okazj\u0119 uszeregowa\u0107 swoj\u0105 wiedz\u0119 nt. uzale\u017cnie\u0144 behawioralnych. Podkre\u015blali, \u017ce doro\u015bli\u00a0 gani\u0105 ich za czas sp\u0119dzony z telefonem a sami sp\u0119dzaj\u0105 z nim bardzo du\u017co czasu. Drodzy rodzice &#8222;przyk\u0142ad idzie z g\u00f3ry&#8221;. Dzieci nas obserwuj\u0105.<\/p>\n\n\n\n<p><em><span style=\"text-decoration: underline;\">Zaj\u0119cia zosta\u0142y w pe\u0142ni sfinansowane przez GKRPA w Kcyni w kwocie 800 <\/span><\/em><span style=\"text-decoration: underline;\"><em>z\u0142<\/em><\/span><\/p>\n\n\n\n<p class=\"has-text-align-right\"><em>Ma\u0142gorzata Kwiatkowska<\/em><\/p>\n\n\n\n<figure class=\"wp-block-gallery has-nested-images columns-4 is-cropped wp-block-gallery-2 is-layout-flex wp-block-gallery-is-layout-flex\">\n<figure class=\"wp-block-image size-large\"><a href=\"https:\/\/mycielewo.pl\/?attachment_id=35470\"><img loading=\"lazy\" decoding=\"async\" width=\"300\" height=\"224\" data-id=\"35470\" src=\"https:\/\/mycielewo.pl\/wp-content\/uploads\/2023\/03\/image001-2-300x224.jpg\" alt=\"\" class=\"wp-image-35470\" srcset=\"https:\/\/mycielewo.pl\/wp-content\/uploads\/2023\/03\/image001-2-300x224.jpg 300w, https:\/\/mycielewo.pl\/wp-content\/uploads\/2023\/03\/image001-2-250x187.jpg 250w, https:\/\/mycielewo.pl\/wp-content\/uploads\/2023\/03\/image001-2-768x574.jpg 768w, https:\/\/mycielewo.pl\/wp-content\/uploads\/2023\/03\/image001-2.jpg 1200w\" sizes=\"auto, (max-width: 300px) 100vw, 300px\" \/><\/a><\/figure>\n\n\n\n<figure class=\"wp-block-image size-large\"><a href=\"https:\/\/mycielewo.pl\/?attachment_id=35469\"><img loading=\"lazy\" decoding=\"async\" width=\"300\" height=\"224\" data-id=\"35469\" src=\"https:\/\/mycielewo.pl\/wp-content\/uploads\/2023\/03\/image002-2-300x224.jpg\" alt=\"\" class=\"wp-image-35469\" srcset=\"https:\/\/mycielewo.pl\/wp-content\/uploads\/2023\/03\/image002-2-300x224.jpg 300w, https:\/\/mycielewo.pl\/wp-content\/uploads\/2023\/03\/image002-2-250x187.jpg 250w, https:\/\/mycielewo.pl\/wp-content\/uploads\/2023\/03\/image002-2-768x574.jpg 768w, https:\/\/mycielewo.pl\/wp-content\/uploads\/2023\/03\/image002-2.jpg 1200w\" sizes=\"auto, (max-width: 300px) 100vw, 300px\" \/><\/a><\/figure>\n\n\n\n<figure class=\"wp-block-image size-large\"><a href=\"https:\/\/mycielewo.pl\/?attachment_id=35472\"><img loading=\"lazy\" decoding=\"async\" width=\"300\" height=\"224\" data-id=\"35472\" src=\"https:\/\/mycielewo.pl\/wp-content\/uploads\/2023\/03\/image003-2-300x224.jpg\" alt=\"\" class=\"wp-image-35472\" srcset=\"https:\/\/mycielewo.pl\/wp-content\/uploads\/2023\/03\/image003-2-300x224.jpg 300w, https:\/\/mycielewo.pl\/wp-content\/uploads\/2023\/03\/image003-2-250x187.jpg 250w, https:\/\/mycielewo.pl\/wp-content\/uploads\/2023\/03\/image003-2-768x574.jpg 768w, https:\/\/mycielewo.pl\/wp-content\/uploads\/2023\/03\/image003-2.jpg 1200w\" sizes=\"auto, (max-width: 300px) 100vw, 300px\" \/><\/a><\/figure>\n\n\n\n<figure class=\"wp-block-image size-large\"><a href=\"https:\/\/mycielewo.pl\/?attachment_id=35471\"><img loading=\"lazy\" decoding=\"async\" width=\"300\" height=\"224\" data-id=\"35471\" src=\"https:\/\/mycielewo.pl\/wp-content\/uploads\/2023\/03\/image004-2-300x224.jpg\" alt=\"\" class=\"wp-image-35471\" srcset=\"https:\/\/mycielewo.pl\/wp-content\/uploads\/2023\/03\/image004-2-300x224.jpg 300w, https:\/\/mycielewo.pl\/wp-content\/uploads\/2023\/03\/image004-2-250x187.jpg 250w, https:\/\/mycielewo.pl\/wp-content\/uploads\/2023\/03\/image004-2-768x574.jpg 768w, https:\/\/mycielewo.pl\/wp-content\/uploads\/2023\/03\/image004-2.jpg 1200w\" sizes=\"auto, (max-width: 300px) 100vw, 300px\" \/><\/a><\/figure>\n<\/figure>\n","protected":false},"excerpt":{"rendered":"<p>2 marca 2023 roku, w odpowiedzi na zaproszenie p. M. Kwiatkowskiej, odby\u0142y si\u0119 warsztaty pt. &#8222;Motywacja do nauki, uzale\u017cnienia behawioralne&#8221; w dw\u00f3ch grupach tj. kl. VII-VIII oraz kl. V-VI. Zaj\u0119cia prowadzi\u0142\u00a0p. Maciej z teatru &#8222;Kurtyna&#8221; z Krakowa. Uczniowie mogli\u00a0 zastanowi\u0107 si\u0119 nad celami, jakie sobie stawiaj\u0105, co jest dla nich wa\u017cne oraz jakie podej\u015bcie maj\u0105&hellip; <a class=\"continue\" href=\"https:\/\/mycielewo.pl\/?p=35465\">Kontynuuj czytanie<span> <strong><em>Motywacja do nauki, uzale\u017cnienia behawioralne<\/em><\/strong><\/span><\/a><\/p>\n","protected":false},"author":1,"featured_media":0,"comment_status":"open","ping_status":"open","sticky":false,"template":"","format":"standard","meta":{"footnotes":""},"categories":[1],"tags":[],"class_list":["post-35465","post","type-post","status-publish","format-standard","hentry","category-bez-kategorii"],"_links":{"self":[{"href":"https:\/\/mycielewo.pl\/index.php?rest_route=\/wp\/v2\/posts\/35465","targetHints":{"allow":["GET"]}}],"collection":[{"href":"https:\/\/mycielewo.pl\/index.php?rest_route=\/wp\/v2\/posts"}],"about":[{"href":"https:\/\/mycielewo.pl\/index.php?rest_route=\/wp\/v2\/types\/post"}],"author":[{"embeddable":true,"href":"https:\/\/mycielewo.pl\/index.php?rest_route=\/wp\/v2\/users\/1"}],"replies":[{"embeddable":true,"href":"https:\/\/mycielewo.pl\/index.php?rest_route=%2Fwp%2Fv2%2Fcomments&post=35465"}],"version-history":[{"count":3,"href":"https:\/\/mycielewo.pl\/index.php?rest_route=\/wp\/v2\/posts\/35465\/revisions"}],"predecessor-version":[{"id":35473,"href":"https:\/\/mycielewo.pl\/index.php?rest_route=\/wp\/v2\/posts\/35465\/revisions\/35473"}],"wp:attachment":[{"href":"https:\/\/mycielewo.pl\/index.php?rest_route=%2Fwp%2Fv2%2Fmedia&parent=35465"}],"wp:term":[{"taxonomy":"category","embeddable":true,"href":"https:\/\/mycielewo.pl\/index.php?rest_route=%2Fwp%2Fv2%2Fcategories&post=35465"},{"taxonomy":"post_tag","embeddable":true,"href":"https:\/\/mycielewo.pl\/index.php?rest_route=%2Fwp%2Fv2%2Ftags&post=35465"}],"curies":[{"name":"wp","href":"https:\/\/api.w.org\/{rel}","templated":true}]}}