{"id":35448,"date":"2023-03-06T10:46:39","date_gmt":"2023-03-06T10:46:39","guid":{"rendered":"http:\/\/www.mycielewo.pl\/?p=35448"},"modified":"2023-03-06T10:46:39","modified_gmt":"2023-03-06T10:46:39","slug":"uwaga-uwaga-4","status":"publish","type":"post","link":"https:\/\/mycielewo.pl\/?p=35448","title":{"rendered":"Uwaga, uwaga!!!!"},"content":{"rendered":"<div class=\"wp-block-image\">\n<figure class=\"alignleft size-full is-resized\"><img loading=\"lazy\" decoding=\"async\" src=\"https:\/\/mycielewo.pl\/wp-content\/uploads\/2023\/03\/dzien-kobiet.jpg\" alt=\"\" class=\"wp-image-35449\" width=\"300\" height=\"168\" srcset=\"https:\/\/mycielewo.pl\/wp-content\/uploads\/2023\/03\/dzien-kobiet.jpg 300w, https:\/\/mycielewo.pl\/wp-content\/uploads\/2023\/03\/dzien-kobiet-250x140.jpg 250w\" sizes=\"auto, (max-width: 300px) 100vw, 300px\" \/><\/figure>\n<\/div>\n\n\n<p>W \u015brod\u0119 8 marca obchodzimy \u201eDzie\u0144 Kobiet\u201d. W tym dniu panie ma\u0142e i du\u017ce wykazuj\u0105 si\u0119 kreatywno\u015bci\u0105 i zak\u0142adaj\u0105 na g\u0142ow\u0119: wianki, kapelusze, opaski\u2026.<\/p>\n\n\n\n<p>Spotykamy si\u0119 na holu szkolnym:<br>0-III o godzinie 9:30<br>IV-VIII zapraszamy o godzinie 10:25<\/p>\n\n\n\n<p class=\"has-text-align-right\"><em>Samorz\u0105d Uczniowski<\/em><\/p>\n","protected":false},"excerpt":{"rendered":"<p>W \u015brod\u0119 8 marca obchodzimy \u201eDzie\u0144 Kobiet\u201d. W tym dniu panie ma\u0142e i du\u017ce wykazuj\u0105 si\u0119 kreatywno\u015bci\u0105 i zak\u0142adaj\u0105 na g\u0142ow\u0119: wianki, kapelusze, opaski\u2026. Spotykamy si\u0119 na holu szkolnym:0-III o godzinie 9:30IV-VIII zapraszamy o godzinie 10:25 Samorz\u0105d Uczniowski<\/p>\n","protected":false},"author":1,"featured_media":0,"comment_status":"open","ping_status":"open","sticky":false,"template":"","format":"standard","meta":{"footnotes":""},"categories":[1],"tags":[],"class_list":["post-35448","post","type-post","status-publish","format-standard","hentry","category-bez-kategorii"],"_links":{"self":[{"href":"https:\/\/mycielewo.pl\/index.php?rest_route=\/wp\/v2\/posts\/35448","targetHints":{"allow":["GET"]}}],"collection":[{"href":"https:\/\/mycielewo.pl\/index.php?rest_route=\/wp\/v2\/posts"}],"about":[{"href":"https:\/\/mycielewo.pl\/index.php?rest_route=\/wp\/v2\/types\/post"}],"author":[{"embeddable":true,"href":"https:\/\/mycielewo.pl\/index.php?rest_route=\/wp\/v2\/users\/1"}],"replies":[{"embeddable":true,"href":"https:\/\/mycielewo.pl\/index.php?rest_route=%2Fwp%2Fv2%2Fcomments&post=35448"}],"version-history":[{"count":1,"href":"https:\/\/mycielewo.pl\/index.php?rest_route=\/wp\/v2\/posts\/35448\/revisions"}],"predecessor-version":[{"id":35450,"href":"https:\/\/mycielewo.pl\/index.php?rest_route=\/wp\/v2\/posts\/35448\/revisions\/35450"}],"wp:attachment":[{"href":"https:\/\/mycielewo.pl\/index.php?rest_route=%2Fwp%2Fv2%2Fmedia&parent=35448"}],"wp:term":[{"taxonomy":"category","embeddable":true,"href":"https:\/\/mycielewo.pl\/index.php?rest_route=%2Fwp%2Fv2%2Fcategories&post=35448"},{"taxonomy":"post_tag","embeddable":true,"href":"https:\/\/mycielewo.pl\/index.php?rest_route=%2Fwp%2Fv2%2Ftags&post=35448"}],"curies":[{"name":"wp","href":"https:\/\/api.w.org\/{rel}","templated":true}]}}