{"id":35033,"date":"2023-02-16T10:23:54","date_gmt":"2023-02-16T10:23:54","guid":{"rendered":"http:\/\/www.mycielewo.pl\/?p=35033"},"modified":"2023-02-16T11:49:46","modified_gmt":"2023-02-16T11:49:46","slug":"konkurs-plastyczny-o-zawodach-rzemieslniczych","status":"publish","type":"post","link":"https:\/\/mycielewo.pl\/?p=35033","title":{"rendered":"<strong>Konkurs Plastyczny o Zawodach Rzemie\u015blniczych<\/strong>"},"content":{"rendered":"\n<p>&#8222;Kujawsko-Pomorska Izba Rzemios\u0142a i Przedsi\u0119biorczo\u015bci w Bydgoszczy organizuje\u00a0<strong>Konkurs Plastyczny o Zawodach Rzemie\u015blniczych\u00a0<\/strong>w zwi\u0105zku z realizacj\u0105 projektu\u00a0pn.\u00a0<em>\u201eNie zapomnij<\/em> <em>o rzemio\u015ble \u2013 dzia\u0142ania promocyjno-edukacyjne KPIRiP w Bydgoszczy\u201d<\/em>\u00a0wsp\u00f3\u0142finansowanego ze \u015brodk\u00f3w otrzymanych z Narodowego Instytutu Wolno\u015bci \u2013 Centrum Rozwoju Spo\u0142ecze\u0144stwa Obywatelskiego w ramach \u201eRz\u0105dowego Programu Polski Inkubator Rzemios\u0142a na lata 2021-2030\u201d. Okres realizacji projektu od 08.09.2022 r. do 31.12.2023 r.<\/p>\n\n\n\n<p>Celem projektu jest wzmocnienie KPIRiP w Bydgoszczy na rzecz kapita\u0142u ludzkiego i spo\u0142ecznego \u015brodowiska rzemie\u015blniczego poprzez promocj\u0119 nauki zawodu w rzemio\u015ble, nauczania dualnego<\/p>\n\n\n\n<p>i propagowania przedsi\u0119biorczo\u015bci rzemie\u015blniczej.<\/p>\n\n\n\n<p>Do udzia\u0142u zapraszamy&nbsp;<strong>dzieci, m\u0142odzie\u017c z terenu wojew\u00f3dztwa kujawsko-pomorskiego i powiatu chojnickiego<\/strong>&nbsp;w dw\u00f3ch kategoriach:<\/p>\n\n\n\n<p><strong>I kategoria &#8211; w wieku przedszkolnym 3-7 lat i uczni\u00f3w szk\u00f3\u0142 podstawowych klas I-III,<\/strong><br><strong>II kategoria \u2013 uczni\u00f3w szk\u00f3\u0142 podstawowych klas IV-VIII<\/strong><\/p>\n\n\n\n<p><strong>Celem konkursu<\/strong>&nbsp;jest kszta\u0142towanie pozytywnego wizerunku pracy zawodowej i&nbsp; promowanie wiedzy o rynku pracy. Jego szczeg\u00f3ln\u0105 warto\u015bci\u0105 jest wczesna edukacja&nbsp; o zawodach i propagowanie szacunku dla pracy.<\/p>\n\n\n\n<p><strong>Zadaniem konkursowym<\/strong>&nbsp;jest stworzenie pracy plastycznej przedstawiaj\u0105cej&nbsp;<strong>symbol wybranego zawodu rzemie\u015blniczego<\/strong>. Prace powinny odzwierciedla\u0107 wiedz\u0119 dzieci, m\u0142odzie\u017cy na temat przedstawianego przez nie zawodu. Najlepsze prace plastyczne zostan\u0105 wybrane do grafik tworzonej w ramach projektu karcianej gry edukacyjno-promocyjnej (typu Dobble)&nbsp;oraz zostan\u0105 zamieszczone na stronie&nbsp;<a rel=\"noreferrer noopener\" href=\"http:\/\/www.izbarzem.pl\/\" target=\"_blank\">www.izbarzem.pl<\/a>&nbsp;w zak\u0142adce gry do pobrania.<\/p>\n\n\n\n<p>Prace konkursowe nale\u017cy wykona\u0107 na papierze (format A4) technik\u0105 plastyczn\u0105 w formie kolorowego rysunku&nbsp; (za pomoc\u0105 kredek \u015bwiecowych lub kredek drewnianych lub mazak\u00f3w).<\/p>\n\n\n\n<p>Przy ocenie prac jury b\u0119dzie bra\u0142o pod uwag\u0119 zgodno\u015b\u0107 pracy z podan\u0105 tematyk\u0105, jako\u015b\u0107 wykonania i wra\u017cenie estetyczne oraz oryginalno\u015b\u0107 i pomys\u0142owo\u015b\u0107 w przedstawieniu tematu.<\/p>\n\n\n\n<p>Na uczestnik\u00f3w konkursu czekaj\u0105 rzeczowe nagrody.<\/p>\n\n\n\n<p><strong>Regulamin wraz z za\u0142\u0105cznikami<\/strong>&nbsp;do pobrania na stronie&nbsp;<br><a rel=\"noreferrer noopener\" href=\"https:\/\/izbarzem.pl\/konkurs-plastyczny-o-zawodach-rzemieslniczych-dla-dzieci-w-wieku-przedszkolnym-i-uczniow-szkol-podstawowych\/\" target=\"_blank\">https:\/\/izbarzem.pl\/konkurs-plastyczny-o-zawodach-rzemieslniczych-dla-dzieci-w-wieku-przedszkolnym-i-uczniow-szkol-podstawowych\/<\/a>&nbsp;&nbsp;<\/p>\n\n\n\n<p class=\"has-text-align-right\"><strong><em>Serdecznie zapraszamy do udzia\u0142u w konkursie!<\/em><\/strong><\/p>\n\n\n<div class=\"wp-block-image\">\n<figure class=\"aligncenter size-full\"><img loading=\"lazy\" decoding=\"async\" width=\"724\" height=\"1024\" src=\"https:\/\/mycielewo.pl\/wp-content\/uploads\/2023\/02\/Plakat-724x1024-1.png\" alt=\"\" class=\"wp-image-35039\" srcset=\"https:\/\/mycielewo.pl\/wp-content\/uploads\/2023\/02\/Plakat-724x1024-1.png 724w, https:\/\/mycielewo.pl\/wp-content\/uploads\/2023\/02\/Plakat-724x1024-1-177x250.png 177w, https:\/\/mycielewo.pl\/wp-content\/uploads\/2023\/02\/Plakat-724x1024-1-212x300.png 212w\" sizes=\"auto, (max-width: 724px) 100vw, 724px\" \/><\/figure>\n<\/div>","protected":false},"excerpt":{"rendered":"<p>&#8222;Kujawsko-Pomorska Izba Rzemios\u0142a i Przedsi\u0119biorczo\u015bci w Bydgoszczy organizuje\u00a0Konkurs Plastyczny o Zawodach Rzemie\u015blniczych\u00a0w zwi\u0105zku z realizacj\u0105 projektu\u00a0pn.\u00a0\u201eNie zapomnij o rzemio\u015ble \u2013 dzia\u0142ania promocyjno-edukacyjne KPIRiP w Bydgoszczy\u201d\u00a0wsp\u00f3\u0142finansowanego ze \u015brodk\u00f3w otrzymanych z Narodowego Instytutu Wolno\u015bci \u2013 Centrum Rozwoju Spo\u0142ecze\u0144stwa Obywatelskiego w ramach \u201eRz\u0105dowego Programu Polski Inkubator Rzemios\u0142a na lata 2021-2030\u201d. Okres realizacji projektu od 08.09.2022 r. do 31.12.2023&hellip; <a class=\"continue\" href=\"https:\/\/mycielewo.pl\/?p=35033\">Kontynuuj czytanie<span> <strong>Konkurs Plastyczny o Zawodach Rzemie\u015blniczych<\/strong><\/span><\/a><\/p>\n","protected":false},"author":4,"featured_media":0,"comment_status":"open","ping_status":"open","sticky":false,"template":"","format":"standard","meta":{"footnotes":""},"categories":[1],"tags":[],"class_list":["post-35033","post","type-post","status-publish","format-standard","hentry","category-bez-kategorii"],"_links":{"self":[{"href":"https:\/\/mycielewo.pl\/index.php?rest_route=\/wp\/v2\/posts\/35033","targetHints":{"allow":["GET"]}}],"collection":[{"href":"https:\/\/mycielewo.pl\/index.php?rest_route=\/wp\/v2\/posts"}],"about":[{"href":"https:\/\/mycielewo.pl\/index.php?rest_route=\/wp\/v2\/types\/post"}],"author":[{"embeddable":true,"href":"https:\/\/mycielewo.pl\/index.php?rest_route=\/wp\/v2\/users\/4"}],"replies":[{"embeddable":true,"href":"https:\/\/mycielewo.pl\/index.php?rest_route=%2Fwp%2Fv2%2Fcomments&post=35033"}],"version-history":[{"count":5,"href":"https:\/\/mycielewo.pl\/index.php?rest_route=\/wp\/v2\/posts\/35033\/revisions"}],"predecessor-version":[{"id":35040,"href":"https:\/\/mycielewo.pl\/index.php?rest_route=\/wp\/v2\/posts\/35033\/revisions\/35040"}],"wp:attachment":[{"href":"https:\/\/mycielewo.pl\/index.php?rest_route=%2Fwp%2Fv2%2Fmedia&parent=35033"}],"wp:term":[{"taxonomy":"category","embeddable":true,"href":"https:\/\/mycielewo.pl\/index.php?rest_route=%2Fwp%2Fv2%2Fcategories&post=35033"},{"taxonomy":"post_tag","embeddable":true,"href":"https:\/\/mycielewo.pl\/index.php?rest_route=%2Fwp%2Fv2%2Ftags&post=35033"}],"curies":[{"name":"wp","href":"https:\/\/api.w.org\/{rel}","templated":true}]}}