{"id":34975,"date":"2023-02-15T11:08:42","date_gmt":"2023-02-15T11:08:42","guid":{"rendered":"http:\/\/www.mycielewo.pl\/?p=34975"},"modified":"2023-02-15T11:09:02","modified_gmt":"2023-02-15T11:09:02","slug":"dentobus-zbadal-uzebienie","status":"publish","type":"post","link":"https:\/\/mycielewo.pl\/?p=34975","title":{"rendered":"Dentobus zbada\u0142 uz\u0119bienie"},"content":{"rendered":"\n<p><strong>13 lutego 2023 r. przyjecha\u0142 Dentobus w celu przeprowadzenia darmowego przegl\u0105du stomatologicznego. <\/strong><\/p>\n\n\n\n<p>Akcja cieszy\u0142a si\u0119 du\u017cym zainteresowaniem i w zwi\u0105zku z tym podzielono wizyty na kilka cz\u0119\u015bci. W pierwszej kolejno\u015bci przegl\u0105du dokonano w\u015br\u00f3d dzieci najm\u0142odszych. <\/p>\n\n\n\n<p>Kolejna wizyta odb\u0119dzie si\u0119 29.03, gdzie opr\u00f3cz przegl\u0105du mo\u017cliwe b\u0119dzie r\u00f3wnie\u017c leczenie dentystyczne. Osoby zainteresowane leczeniem z\u0119b\u00f3w dzieci proszone s\u0105 o kontakt z p. <strong>Mart\u0105 Bernas<\/strong>.<\/p>\n\n\n\n<figure class=\"wp-block-gallery has-nested-images columns-4 is-cropped wp-block-gallery-2 is-layout-flex wp-block-gallery-is-layout-flex\">\n<figure class=\"wp-block-image size-large\"><a href=\"https:\/\/mycielewo.pl\/?attachment_id=34978\"><img loading=\"lazy\" decoding=\"async\" width=\"300\" height=\"226\" data-id=\"34978\" src=\"https:\/\/mycielewo.pl\/wp-content\/uploads\/2023\/02\/image001-2-300x226.jpg\" alt=\"\" class=\"wp-image-34978\" srcset=\"https:\/\/mycielewo.pl\/wp-content\/uploads\/2023\/02\/image001-2-300x226.jpg 300w, https:\/\/mycielewo.pl\/wp-content\/uploads\/2023\/02\/image001-2-250x188.jpg 250w, https:\/\/mycielewo.pl\/wp-content\/uploads\/2023\/02\/image001-2-768x578.jpg 768w, https:\/\/mycielewo.pl\/wp-content\/uploads\/2023\/02\/image001-2.jpg 1195w\" sizes=\"auto, (max-width: 300px) 100vw, 300px\" \/><\/a><\/figure>\n\n\n\n<figure class=\"wp-block-image size-large\"><a href=\"https:\/\/mycielewo.pl\/?attachment_id=34976\"><img loading=\"lazy\" decoding=\"async\" width=\"300\" height=\"226\" data-id=\"34976\" src=\"https:\/\/mycielewo.pl\/wp-content\/uploads\/2023\/02\/image002-2-300x226.jpg\" alt=\"\" class=\"wp-image-34976\" srcset=\"https:\/\/mycielewo.pl\/wp-content\/uploads\/2023\/02\/image002-2-300x226.jpg 300w, https:\/\/mycielewo.pl\/wp-content\/uploads\/2023\/02\/image002-2-250x188.jpg 250w, https:\/\/mycielewo.pl\/wp-content\/uploads\/2023\/02\/image002-2-768x578.jpg 768w, https:\/\/mycielewo.pl\/wp-content\/uploads\/2023\/02\/image002-2.jpg 1195w\" sizes=\"auto, (max-width: 300px) 100vw, 300px\" \/><\/a><\/figure>\n\n\n\n<figure class=\"wp-block-image size-large\"><a href=\"https:\/\/mycielewo.pl\/?attachment_id=34979\"><img loading=\"lazy\" decoding=\"async\" width=\"300\" height=\"181\" data-id=\"34979\" src=\"https:\/\/mycielewo.pl\/wp-content\/uploads\/2023\/02\/image003-2-300x181.jpg\" alt=\"\" class=\"wp-image-34979\" srcset=\"https:\/\/mycielewo.pl\/wp-content\/uploads\/2023\/02\/image003-2-300x181.jpg 300w, https:\/\/mycielewo.pl\/wp-content\/uploads\/2023\/02\/image003-2-250x151.jpg 250w, https:\/\/mycielewo.pl\/wp-content\/uploads\/2023\/02\/image003-2-768x464.jpg 768w, https:\/\/mycielewo.pl\/wp-content\/uploads\/2023\/02\/image003-2.jpg 1200w\" sizes=\"auto, (max-width: 300px) 100vw, 300px\" \/><\/a><\/figure>\n\n\n\n<figure class=\"wp-block-image size-large\"><a href=\"https:\/\/mycielewo.pl\/?attachment_id=34977\"><img loading=\"lazy\" decoding=\"async\" width=\"226\" height=\"300\" data-id=\"34977\" src=\"https:\/\/mycielewo.pl\/wp-content\/uploads\/2023\/02\/image004-1-226x300.jpg\" alt=\"\" class=\"wp-image-34977\" srcset=\"https:\/\/mycielewo.pl\/wp-content\/uploads\/2023\/02\/image004-1-226x300.jpg 226w, https:\/\/mycielewo.pl\/wp-content\/uploads\/2023\/02\/image004-1-188x250.jpg 188w, https:\/\/mycielewo.pl\/wp-content\/uploads\/2023\/02\/image004-1.jpg 678w\" sizes=\"auto, (max-width: 226px) 100vw, 226px\" \/><\/a><\/figure>\n<\/figure>\n","protected":false},"excerpt":{"rendered":"<p>13 lutego 2023 r. przyjecha\u0142 Dentobus w celu przeprowadzenia darmowego przegl\u0105du stomatologicznego. Akcja cieszy\u0142a si\u0119 du\u017cym zainteresowaniem i w zwi\u0105zku z tym podzielono wizyty na kilka cz\u0119\u015bci. W pierwszej kolejno\u015bci przegl\u0105du dokonano w\u015br\u00f3d dzieci najm\u0142odszych. Kolejna wizyta odb\u0119dzie si\u0119 29.03, gdzie opr\u00f3cz przegl\u0105du mo\u017cliwe b\u0119dzie r\u00f3wnie\u017c leczenie dentystyczne. Osoby zainteresowane leczeniem z\u0119b\u00f3w dzieci proszone s\u0105&hellip; <a class=\"continue\" href=\"https:\/\/mycielewo.pl\/?p=34975\">Kontynuuj czytanie<span> Dentobus zbada\u0142 uz\u0119bienie<\/span><\/a><\/p>\n","protected":false},"author":1,"featured_media":0,"comment_status":"open","ping_status":"open","sticky":false,"template":"","format":"standard","meta":{"footnotes":""},"categories":[1],"tags":[],"class_list":["post-34975","post","type-post","status-publish","format-standard","hentry","category-bez-kategorii"],"_links":{"self":[{"href":"https:\/\/mycielewo.pl\/index.php?rest_route=\/wp\/v2\/posts\/34975","targetHints":{"allow":["GET"]}}],"collection":[{"href":"https:\/\/mycielewo.pl\/index.php?rest_route=\/wp\/v2\/posts"}],"about":[{"href":"https:\/\/mycielewo.pl\/index.php?rest_route=\/wp\/v2\/types\/post"}],"author":[{"embeddable":true,"href":"https:\/\/mycielewo.pl\/index.php?rest_route=\/wp\/v2\/users\/1"}],"replies":[{"embeddable":true,"href":"https:\/\/mycielewo.pl\/index.php?rest_route=%2Fwp%2Fv2%2Fcomments&post=34975"}],"version-history":[{"count":2,"href":"https:\/\/mycielewo.pl\/index.php?rest_route=\/wp\/v2\/posts\/34975\/revisions"}],"predecessor-version":[{"id":34981,"href":"https:\/\/mycielewo.pl\/index.php?rest_route=\/wp\/v2\/posts\/34975\/revisions\/34981"}],"wp:attachment":[{"href":"https:\/\/mycielewo.pl\/index.php?rest_route=%2Fwp%2Fv2%2Fmedia&parent=34975"}],"wp:term":[{"taxonomy":"category","embeddable":true,"href":"https:\/\/mycielewo.pl\/index.php?rest_route=%2Fwp%2Fv2%2Fcategories&post=34975"},{"taxonomy":"post_tag","embeddable":true,"href":"https:\/\/mycielewo.pl\/index.php?rest_route=%2Fwp%2Fv2%2Ftags&post=34975"}],"curies":[{"name":"wp","href":"https:\/\/api.w.org\/{rel}","templated":true}]}}