{"id":34963,"date":"2023-02-15T10:56:45","date_gmt":"2023-02-15T10:56:45","guid":{"rendered":"http:\/\/www.mycielewo.pl\/?p=34963"},"modified":"2023-02-15T10:56:45","modified_gmt":"2023-02-15T10:56:45","slug":"walentynki-3","status":"publish","type":"post","link":"https:\/\/mycielewo.pl\/?p=34963","title":{"rendered":"WALENTYNKI"},"content":{"rendered":"\n<p><strong>We wtorek,\u00a0 14 lutego 2023 r. w naszej szkole obchodzili\u015bmy Walentynki \u2013 wyj\u0105tkowy dzie\u0144 wyra\u017cania sympatii czy przyja\u017ani. Co roku staramy si\u0119, aby ten dzie\u0144 by\u0142 wyj\u0105tkowy.<\/strong><\/p>\n\n\n\n<p>Tradycyjnie zorganizowano poczt\u0119 walentynkow\u0105. Uczniowie, kt\u00f3rzy chcieli przekaza\u0107 \u017cyczenia swoim sympatiom, wrzucali w\u0142asnor\u0119cznie wykonane serduszka i kartki do specjalnie przygotowanej skrzynki. Nast\u0119pnie \u2013 Walentynkowy Listonosz \u2013 rozdawa\u0142 poczt\u0119 w czasie zaj\u0119\u0107 lekcyjnych. Na szkolnym korytarzu przygrywa\u0142a w tym dniu walentynkowa muzyka. Nie zabrak\u0142o te\u017c wyraz\u00f3w sympatii pod adresem Dyrekcji Szko\u0142y, nauczycieli i wychowawc\u00f3w. W tym dniu obowi\u0105zywa\u0142 ubi\u00f3r w kolorze czerwonym, a szkolne korytarze i drzwi klasowe udekorowano r\u00f3\u017cnymi, czerwonymi serduszkami.<\/p>\n\n\n\n<p class=\"has-text-align-right\"><em>Opiekunowie SU: A. Chojnacka, I. Wojtkowiak<\/em><\/p>\n\n\n\n<figure class=\"wp-block-gallery has-nested-images columns-6 is-cropped wp-block-gallery-2 is-layout-flex wp-block-gallery-is-layout-flex\">\n<figure class=\"wp-block-image size-large\"><a href=\"https:\/\/mycielewo.pl\/?attachment_id=34964\"><img loading=\"lazy\" decoding=\"async\" width=\"300\" height=\"225\" data-id=\"34964\" src=\"https:\/\/mycielewo.pl\/wp-content\/uploads\/2023\/02\/image001-1-300x225.jpg\" alt=\"\" class=\"wp-image-34964\" srcset=\"https:\/\/mycielewo.pl\/wp-content\/uploads\/2023\/02\/image001-1-300x225.jpg 300w, https:\/\/mycielewo.pl\/wp-content\/uploads\/2023\/02\/image001-1-250x188.jpg 250w, https:\/\/mycielewo.pl\/wp-content\/uploads\/2023\/02\/image001-1-768x576.jpg 768w, https:\/\/mycielewo.pl\/wp-content\/uploads\/2023\/02\/image001-1.jpg 1200w\" sizes=\"auto, (max-width: 300px) 100vw, 300px\" \/><\/a><\/figure>\n\n\n\n<figure class=\"wp-block-image size-large\"><a href=\"https:\/\/mycielewo.pl\/?attachment_id=34965\"><img loading=\"lazy\" decoding=\"async\" width=\"300\" height=\"225\" data-id=\"34965\" src=\"https:\/\/mycielewo.pl\/wp-content\/uploads\/2023\/02\/image002-1-300x225.jpg\" alt=\"\" class=\"wp-image-34965\" srcset=\"https:\/\/mycielewo.pl\/wp-content\/uploads\/2023\/02\/image002-1-300x225.jpg 300w, https:\/\/mycielewo.pl\/wp-content\/uploads\/2023\/02\/image002-1-250x188.jpg 250w, https:\/\/mycielewo.pl\/wp-content\/uploads\/2023\/02\/image002-1-768x576.jpg 768w, https:\/\/mycielewo.pl\/wp-content\/uploads\/2023\/02\/image002-1.jpg 1200w\" sizes=\"auto, (max-width: 300px) 100vw, 300px\" \/><\/a><\/figure>\n\n\n\n<figure class=\"wp-block-image size-large\"><a href=\"https:\/\/mycielewo.pl\/?attachment_id=34966\"><img loading=\"lazy\" decoding=\"async\" width=\"300\" height=\"225\" data-id=\"34966\" src=\"https:\/\/mycielewo.pl\/wp-content\/uploads\/2023\/02\/image003-1-300x225.jpg\" alt=\"\" class=\"wp-image-34966\" srcset=\"https:\/\/mycielewo.pl\/wp-content\/uploads\/2023\/02\/image003-1-300x225.jpg 300w, https:\/\/mycielewo.pl\/wp-content\/uploads\/2023\/02\/image003-1-250x188.jpg 250w, https:\/\/mycielewo.pl\/wp-content\/uploads\/2023\/02\/image003-1-768x576.jpg 768w, https:\/\/mycielewo.pl\/wp-content\/uploads\/2023\/02\/image003-1.jpg 1200w\" sizes=\"auto, (max-width: 300px) 100vw, 300px\" \/><\/a><\/figure>\n\n\n\n<figure class=\"wp-block-image size-large\"><a href=\"https:\/\/mycielewo.pl\/?attachment_id=34967\"><img loading=\"lazy\" decoding=\"async\" width=\"225\" height=\"300\" data-id=\"34967\" src=\"https:\/\/mycielewo.pl\/wp-content\/uploads\/2023\/02\/image004-225x300.jpg\" alt=\"\" class=\"wp-image-34967\" srcset=\"https:\/\/mycielewo.pl\/wp-content\/uploads\/2023\/02\/image004-225x300.jpg 225w, https:\/\/mycielewo.pl\/wp-content\/uploads\/2023\/02\/image004-188x250.jpg 188w, https:\/\/mycielewo.pl\/wp-content\/uploads\/2023\/02\/image004.jpg 675w\" sizes=\"auto, (max-width: 225px) 100vw, 225px\" \/><\/a><\/figure>\n\n\n\n<figure class=\"wp-block-image size-large\"><a href=\"https:\/\/mycielewo.pl\/?attachment_id=34968\"><img loading=\"lazy\" decoding=\"async\" width=\"300\" height=\"225\" data-id=\"34968\" src=\"https:\/\/mycielewo.pl\/wp-content\/uploads\/2023\/02\/image005-300x225.jpg\" alt=\"\" class=\"wp-image-34968\" srcset=\"https:\/\/mycielewo.pl\/wp-content\/uploads\/2023\/02\/image005-300x225.jpg 300w, https:\/\/mycielewo.pl\/wp-content\/uploads\/2023\/02\/image005-250x188.jpg 250w, https:\/\/mycielewo.pl\/wp-content\/uploads\/2023\/02\/image005-768x576.jpg 768w, https:\/\/mycielewo.pl\/wp-content\/uploads\/2023\/02\/image005.jpg 1200w\" sizes=\"auto, (max-width: 300px) 100vw, 300px\" \/><\/a><\/figure>\n\n\n\n<figure class=\"wp-block-image size-large\"><a href=\"https:\/\/mycielewo.pl\/?attachment_id=34969\"><img loading=\"lazy\" decoding=\"async\" width=\"300\" height=\"225\" data-id=\"34969\" src=\"https:\/\/mycielewo.pl\/wp-content\/uploads\/2023\/02\/image006-300x225.jpg\" alt=\"\" class=\"wp-image-34969\" srcset=\"https:\/\/mycielewo.pl\/wp-content\/uploads\/2023\/02\/image006-300x225.jpg 300w, https:\/\/mycielewo.pl\/wp-content\/uploads\/2023\/02\/image006-250x188.jpg 250w, https:\/\/mycielewo.pl\/wp-content\/uploads\/2023\/02\/image006-768x576.jpg 768w, https:\/\/mycielewo.pl\/wp-content\/uploads\/2023\/02\/image006.jpg 1200w\" sizes=\"auto, (max-width: 300px) 100vw, 300px\" \/><\/a><\/figure>\n\n\n\n<figure class=\"wp-block-image size-large\"><a href=\"https:\/\/mycielewo.pl\/?attachment_id=34971\"><img loading=\"lazy\" decoding=\"async\" width=\"225\" height=\"300\" data-id=\"34971\" src=\"https:\/\/mycielewo.pl\/wp-content\/uploads\/2023\/02\/image007-225x300.jpg\" alt=\"\" class=\"wp-image-34971\" srcset=\"https:\/\/mycielewo.pl\/wp-content\/uploads\/2023\/02\/image007-225x300.jpg 225w, https:\/\/mycielewo.pl\/wp-content\/uploads\/2023\/02\/image007-188x250.jpg 188w, https:\/\/mycielewo.pl\/wp-content\/uploads\/2023\/02\/image007.jpg 675w\" sizes=\"auto, (max-width: 225px) 100vw, 225px\" \/><\/a><\/figure>\n\n\n\n<figure class=\"wp-block-image size-large\"><a href=\"https:\/\/mycielewo.pl\/?attachment_id=34970\"><img loading=\"lazy\" decoding=\"async\" width=\"225\" height=\"300\" data-id=\"34970\" src=\"https:\/\/mycielewo.pl\/wp-content\/uploads\/2023\/02\/image008-225x300.jpg\" alt=\"\" class=\"wp-image-34970\" srcset=\"https:\/\/mycielewo.pl\/wp-content\/uploads\/2023\/02\/image008-225x300.jpg 225w, https:\/\/mycielewo.pl\/wp-content\/uploads\/2023\/02\/image008-188x250.jpg 188w, https:\/\/mycielewo.pl\/wp-content\/uploads\/2023\/02\/image008.jpg 675w\" sizes=\"auto, (max-width: 225px) 100vw, 225px\" \/><\/a><\/figure>\n\n\n\n<figure class=\"wp-block-image size-large\"><a href=\"https:\/\/mycielewo.pl\/?attachment_id=34972\"><img loading=\"lazy\" decoding=\"async\" width=\"300\" height=\"225\" data-id=\"34972\" src=\"https:\/\/mycielewo.pl\/wp-content\/uploads\/2023\/02\/image009-300x225.jpg\" alt=\"\" class=\"wp-image-34972\" srcset=\"https:\/\/mycielewo.pl\/wp-content\/uploads\/2023\/02\/image009-300x225.jpg 300w, https:\/\/mycielewo.pl\/wp-content\/uploads\/2023\/02\/image009-250x188.jpg 250w, https:\/\/mycielewo.pl\/wp-content\/uploads\/2023\/02\/image009-768x576.jpg 768w, https:\/\/mycielewo.pl\/wp-content\/uploads\/2023\/02\/image009.jpg 1200w\" sizes=\"auto, (max-width: 300px) 100vw, 300px\" \/><\/a><\/figure>\n\n\n\n<figure class=\"wp-block-image size-large\"><a href=\"https:\/\/mycielewo.pl\/?attachment_id=34973\"><img loading=\"lazy\" decoding=\"async\" width=\"300\" height=\"225\" data-id=\"34973\" src=\"https:\/\/mycielewo.pl\/wp-content\/uploads\/2023\/02\/image010-300x225.jpg\" alt=\"\" class=\"wp-image-34973\" srcset=\"https:\/\/mycielewo.pl\/wp-content\/uploads\/2023\/02\/image010-300x225.jpg 300w, https:\/\/mycielewo.pl\/wp-content\/uploads\/2023\/02\/image010-250x188.jpg 250w, https:\/\/mycielewo.pl\/wp-content\/uploads\/2023\/02\/image010-768x576.jpg 768w, https:\/\/mycielewo.pl\/wp-content\/uploads\/2023\/02\/image010.jpg 1200w\" sizes=\"auto, (max-width: 300px) 100vw, 300px\" \/><\/a><\/figure>\n<\/figure>\n","protected":false},"excerpt":{"rendered":"<p>We wtorek,\u00a0 14 lutego 2023 r. w naszej szkole obchodzili\u015bmy Walentynki \u2013 wyj\u0105tkowy dzie\u0144 wyra\u017cania sympatii czy przyja\u017ani. Co roku staramy si\u0119, aby ten dzie\u0144 by\u0142 wyj\u0105tkowy. Tradycyjnie zorganizowano poczt\u0119 walentynkow\u0105. Uczniowie, kt\u00f3rzy chcieli przekaza\u0107 \u017cyczenia swoim sympatiom, wrzucali w\u0142asnor\u0119cznie wykonane serduszka i kartki do specjalnie przygotowanej skrzynki. Nast\u0119pnie \u2013 Walentynkowy Listonosz \u2013 rozdawa\u0142 poczt\u0119&hellip; <a class=\"continue\" href=\"https:\/\/mycielewo.pl\/?p=34963\">Kontynuuj czytanie<span> WALENTYNKI<\/span><\/a><\/p>\n","protected":false},"author":1,"featured_media":0,"comment_status":"open","ping_status":"open","sticky":false,"template":"","format":"standard","meta":{"footnotes":""},"categories":[1],"tags":[],"class_list":["post-34963","post","type-post","status-publish","format-standard","hentry","category-bez-kategorii"],"_links":{"self":[{"href":"https:\/\/mycielewo.pl\/index.php?rest_route=\/wp\/v2\/posts\/34963","targetHints":{"allow":["GET"]}}],"collection":[{"href":"https:\/\/mycielewo.pl\/index.php?rest_route=\/wp\/v2\/posts"}],"about":[{"href":"https:\/\/mycielewo.pl\/index.php?rest_route=\/wp\/v2\/types\/post"}],"author":[{"embeddable":true,"href":"https:\/\/mycielewo.pl\/index.php?rest_route=\/wp\/v2\/users\/1"}],"replies":[{"embeddable":true,"href":"https:\/\/mycielewo.pl\/index.php?rest_route=%2Fwp%2Fv2%2Fcomments&post=34963"}],"version-history":[{"count":1,"href":"https:\/\/mycielewo.pl\/index.php?rest_route=\/wp\/v2\/posts\/34963\/revisions"}],"predecessor-version":[{"id":34974,"href":"https:\/\/mycielewo.pl\/index.php?rest_route=\/wp\/v2\/posts\/34963\/revisions\/34974"}],"wp:attachment":[{"href":"https:\/\/mycielewo.pl\/index.php?rest_route=%2Fwp%2Fv2%2Fmedia&parent=34963"}],"wp:term":[{"taxonomy":"category","embeddable":true,"href":"https:\/\/mycielewo.pl\/index.php?rest_route=%2Fwp%2Fv2%2Fcategories&post=34963"},{"taxonomy":"post_tag","embeddable":true,"href":"https:\/\/mycielewo.pl\/index.php?rest_route=%2Fwp%2Fv2%2Ftags&post=34963"}],"curies":[{"name":"wp","href":"https:\/\/api.w.org\/{rel}","templated":true}]}}