{"id":34950,"date":"2023-01-25T08:43:00","date_gmt":"2023-01-25T08:43:00","guid":{"rendered":"http:\/\/www.mycielewo.pl\/?p=34950"},"modified":"2023-02-13T08:47:30","modified_gmt":"2023-02-13T08:47:30","slug":"samotni-w-tlumie","status":"publish","type":"post","link":"https:\/\/mycielewo.pl\/?p=34950","title":{"rendered":"Samotni w t\u0142umie"},"content":{"rendered":"\n<p><strong>25 stycznia uczniowie z kl. V &#8211; VIII pod opiek\u0105 p. M. Bernas i\u00a0 p. M. Kwiatkowskiej udali si\u0119\u00a0 do Nak\u0142a nad Noteci\u0105. W\u00a0 Nakielskim O\u015brodku Kultury odby\u0142 si\u0119 spektakl\u00a0profilaktyczny pt.: &#8222;Samotni w t\u0142umie&#8221;. Na przedstawienie zaprosi\u0142 nas PSE Narodowy Teatr Edukacji im. A. Mickiewicza we Wroc\u0142awiu. <\/strong><\/p>\n\n\n\n<p>Spektakl porusza\u0142 wa\u017cne i aktualne problemy wsp\u00f3\u0142czesno\u015bci. M\u00f3wi\u0142 o pu\u0142apkach cywilizacji XXI wieku. Bowiem lawinowy rozw\u00f3j techniki i coraz szybsze tempo \u017cycia zmuszaj\u0105 m\u0142odzie\u017c niekiedy do ucieczki w \u015bwiat wirtualny. Norm\u0105 sta\u0142o si\u0119 konwersowanie przez Internet. W scenariuszu poruszane by\u0142o r\u00f3wnie\u017c niepokoj\u0105ce zjawisko eurosierot oraz problem izolacji.<br>Drodzy Rodzice! Kochani Uczniowie! W zwi\u0105zku z powy\u017cszym mam dla Was propozycj\u0119. Przed nami ferie zimowe by\u0107 mo\u017ce to \u015bwietna okazja, aby sp\u0119dzi\u0107 rodzinnie troch\u0119 wi\u0119cej czasu. Mamy wiele alternatyw, jak wybra\u0107 si\u0119\u00a0 na spacer, zagra\u0107 w gry planszowe, wsp\u00f3lnie przygotowa\u0107 posi\u0142ek czy po prostu porozmawia\u0107.<\/p>\n\n\n\n<p class=\"has-text-align-right\"><em>Ma\u0142gorzata Kwiatkowska<\/em><\/p>\n\n\n\n<figure class=\"wp-block-gallery has-nested-images columns-default is-cropped wp-block-gallery-2 is-layout-flex wp-block-gallery-is-layout-flex\">\n<figure class=\"wp-block-image size-large\"><a href=\"https:\/\/mycielewo.pl\/?attachment_id=34953\"><img loading=\"lazy\" decoding=\"async\" width=\"224\" height=\"300\" data-id=\"34953\" src=\"https:\/\/mycielewo.pl\/wp-content\/uploads\/2023\/02\/image001-224x300.jpg\" alt=\"\" class=\"wp-image-34953\" srcset=\"https:\/\/mycielewo.pl\/wp-content\/uploads\/2023\/02\/image001-224x300.jpg 224w, https:\/\/mycielewo.pl\/wp-content\/uploads\/2023\/02\/image001-187x250.jpg 187w, https:\/\/mycielewo.pl\/wp-content\/uploads\/2023\/02\/image001.jpg 673w\" sizes=\"auto, (max-width: 224px) 100vw, 224px\" \/><\/a><\/figure>\n\n\n\n<figure class=\"wp-block-image size-large\"><a href=\"https:\/\/mycielewo.pl\/?attachment_id=34954\"><img loading=\"lazy\" decoding=\"async\" width=\"224\" height=\"300\" data-id=\"34954\" src=\"https:\/\/mycielewo.pl\/wp-content\/uploads\/2023\/02\/image002-224x300.jpg\" alt=\"\" class=\"wp-image-34954\" srcset=\"https:\/\/mycielewo.pl\/wp-content\/uploads\/2023\/02\/image002-224x300.jpg 224w, https:\/\/mycielewo.pl\/wp-content\/uploads\/2023\/02\/image002-187x250.jpg 187w, https:\/\/mycielewo.pl\/wp-content\/uploads\/2023\/02\/image002.jpg 673w\" sizes=\"auto, (max-width: 224px) 100vw, 224px\" \/><\/a><\/figure>\n\n\n\n<figure class=\"wp-block-image size-large\"><a href=\"https:\/\/mycielewo.pl\/?attachment_id=34955\"><img loading=\"lazy\" decoding=\"async\" width=\"224\" height=\"300\" data-id=\"34955\" src=\"https:\/\/mycielewo.pl\/wp-content\/uploads\/2023\/02\/image003-224x300.jpg\" alt=\"\" class=\"wp-image-34955\" srcset=\"https:\/\/mycielewo.pl\/wp-content\/uploads\/2023\/02\/image003-224x300.jpg 224w, https:\/\/mycielewo.pl\/wp-content\/uploads\/2023\/02\/image003-187x250.jpg 187w, https:\/\/mycielewo.pl\/wp-content\/uploads\/2023\/02\/image003.jpg 673w\" sizes=\"auto, (max-width: 224px) 100vw, 224px\" \/><\/a><\/figure>\n<\/figure>\n","protected":false},"excerpt":{"rendered":"<p>25 stycznia uczniowie z kl. V &#8211; VIII pod opiek\u0105 p. M. Bernas i\u00a0 p. M. Kwiatkowskiej udali si\u0119\u00a0 do Nak\u0142a nad Noteci\u0105. W\u00a0 Nakielskim O\u015brodku Kultury odby\u0142 si\u0119 spektakl\u00a0profilaktyczny pt.: &#8222;Samotni w t\u0142umie&#8221;. Na przedstawienie zaprosi\u0142 nas PSE Narodowy Teatr Edukacji im. A. Mickiewicza we Wroc\u0142awiu. Spektakl porusza\u0142 wa\u017cne i aktualne problemy wsp\u00f3\u0142czesno\u015bci. M\u00f3wi\u0142&hellip; <a class=\"continue\" href=\"https:\/\/mycielewo.pl\/?p=34950\">Kontynuuj czytanie<span> Samotni w t\u0142umie<\/span><\/a><\/p>\n","protected":false},"author":1,"featured_media":0,"comment_status":"open","ping_status":"open","sticky":false,"template":"","format":"standard","meta":{"footnotes":""},"categories":[1],"tags":[],"class_list":["post-34950","post","type-post","status-publish","format-standard","hentry","category-bez-kategorii"],"_links":{"self":[{"href":"https:\/\/mycielewo.pl\/index.php?rest_route=\/wp\/v2\/posts\/34950","targetHints":{"allow":["GET"]}}],"collection":[{"href":"https:\/\/mycielewo.pl\/index.php?rest_route=\/wp\/v2\/posts"}],"about":[{"href":"https:\/\/mycielewo.pl\/index.php?rest_route=\/wp\/v2\/types\/post"}],"author":[{"embeddable":true,"href":"https:\/\/mycielewo.pl\/index.php?rest_route=\/wp\/v2\/users\/1"}],"replies":[{"embeddable":true,"href":"https:\/\/mycielewo.pl\/index.php?rest_route=%2Fwp%2Fv2%2Fcomments&post=34950"}],"version-history":[{"count":3,"href":"https:\/\/mycielewo.pl\/index.php?rest_route=\/wp\/v2\/posts\/34950\/revisions"}],"predecessor-version":[{"id":34956,"href":"https:\/\/mycielewo.pl\/index.php?rest_route=\/wp\/v2\/posts\/34950\/revisions\/34956"}],"wp:attachment":[{"href":"https:\/\/mycielewo.pl\/index.php?rest_route=%2Fwp%2Fv2%2Fmedia&parent=34950"}],"wp:term":[{"taxonomy":"category","embeddable":true,"href":"https:\/\/mycielewo.pl\/index.php?rest_route=%2Fwp%2Fv2%2Fcategories&post=34950"},{"taxonomy":"post_tag","embeddable":true,"href":"https:\/\/mycielewo.pl\/index.php?rest_route=%2Fwp%2Fv2%2Ftags&post=34950"}],"curies":[{"name":"wp","href":"https:\/\/api.w.org\/{rel}","templated":true}]}}