{"id":34947,"date":"2023-02-13T08:06:57","date_gmt":"2023-02-13T08:06:57","guid":{"rendered":"http:\/\/www.mycielewo.pl\/?p=34947"},"modified":"2023-02-13T08:06:57","modified_gmt":"2023-02-13T08:06:57","slug":"walentynki-2","status":"publish","type":"post","link":"https:\/\/mycielewo.pl\/?p=34947","title":{"rendered":"WALENTYNKI"},"content":{"rendered":"\n<p class=\"has-vivid-red-color has-text-color\"><strong>Samorz\u0105d Uczniowski og\u0142asza, \u017ce \u00a0w dniu 14.02.2021 r. (wtorek) organizujemy walentynki. \u00a0Zach\u0119camy wszystkich uczni\u00f3w klas, aby ubrali si\u0119 w tym dniu na czerwono. Walentynkowy str\u00f3j mo\u017cna r\u00f3wnie\u017c ozdobi\u0107 serduszkami.<\/strong><\/p>\n\n\n\n<p class=\"has-text-align-right has-vivid-red-color has-text-color\"><em>Zach\u0119camy do udzia\u0142u w zabawie!<br>Samorz\u0105d Uczniowski\u00a0<\/em><\/p>\n\n\n<div class=\"wp-block-image\">\n<figure class=\"aligncenter size-full\"><img loading=\"lazy\" decoding=\"async\" width=\"1200\" height=\"800\" src=\"https:\/\/mycielewo.pl\/wp-content\/uploads\/2023\/02\/serce.jpg\" alt=\"\" class=\"wp-image-34948\" srcset=\"https:\/\/mycielewo.pl\/wp-content\/uploads\/2023\/02\/serce.jpg 1200w, https:\/\/mycielewo.pl\/wp-content\/uploads\/2023\/02\/serce-250x167.jpg 250w, https:\/\/mycielewo.pl\/wp-content\/uploads\/2023\/02\/serce-300x200.jpg 300w, https:\/\/mycielewo.pl\/wp-content\/uploads\/2023\/02\/serce-768x512.jpg 768w\" sizes=\"auto, (max-width: 1200px) 100vw, 1200px\" \/><\/figure>\n<\/div>","protected":false},"excerpt":{"rendered":"<p>Samorz\u0105d Uczniowski og\u0142asza, \u017ce \u00a0w dniu 14.02.2021 r. (wtorek) organizujemy walentynki. \u00a0Zach\u0119camy wszystkich uczni\u00f3w klas, aby ubrali si\u0119 w tym dniu na czerwono. Walentynkowy str\u00f3j mo\u017cna r\u00f3wnie\u017c ozdobi\u0107 serduszkami. Zach\u0119camy do udzia\u0142u w zabawie!Samorz\u0105d Uczniowski\u00a0<\/p>\n","protected":false},"author":1,"featured_media":0,"comment_status":"open","ping_status":"open","sticky":false,"template":"","format":"standard","meta":{"footnotes":""},"categories":[1],"tags":[],"class_list":["post-34947","post","type-post","status-publish","format-standard","hentry","category-bez-kategorii"],"_links":{"self":[{"href":"https:\/\/mycielewo.pl\/index.php?rest_route=\/wp\/v2\/posts\/34947","targetHints":{"allow":["GET"]}}],"collection":[{"href":"https:\/\/mycielewo.pl\/index.php?rest_route=\/wp\/v2\/posts"}],"about":[{"href":"https:\/\/mycielewo.pl\/index.php?rest_route=\/wp\/v2\/types\/post"}],"author":[{"embeddable":true,"href":"https:\/\/mycielewo.pl\/index.php?rest_route=\/wp\/v2\/users\/1"}],"replies":[{"embeddable":true,"href":"https:\/\/mycielewo.pl\/index.php?rest_route=%2Fwp%2Fv2%2Fcomments&post=34947"}],"version-history":[{"count":1,"href":"https:\/\/mycielewo.pl\/index.php?rest_route=\/wp\/v2\/posts\/34947\/revisions"}],"predecessor-version":[{"id":34949,"href":"https:\/\/mycielewo.pl\/index.php?rest_route=\/wp\/v2\/posts\/34947\/revisions\/34949"}],"wp:attachment":[{"href":"https:\/\/mycielewo.pl\/index.php?rest_route=%2Fwp%2Fv2%2Fmedia&parent=34947"}],"wp:term":[{"taxonomy":"category","embeddable":true,"href":"https:\/\/mycielewo.pl\/index.php?rest_route=%2Fwp%2Fv2%2Fcategories&post=34947"},{"taxonomy":"post_tag","embeddable":true,"href":"https:\/\/mycielewo.pl\/index.php?rest_route=%2Fwp%2Fv2%2Ftags&post=34947"}],"curies":[{"name":"wp","href":"https:\/\/api.w.org\/{rel}","templated":true}]}}