{"id":34941,"date":"2023-01-26T11:14:00","date_gmt":"2023-01-26T11:14:00","guid":{"rendered":"http:\/\/www.mycielewo.pl\/?p=34941"},"modified":"2023-02-12T11:21:24","modified_gmt":"2023-02-12T11:21:24","slug":"zaproszenie-na-trafione-ferie","status":"publish","type":"post","link":"https:\/\/mycielewo.pl\/?p=34941","title":{"rendered":"Zaproszenie na trafione ferie"},"content":{"rendered":"\n<p>26 stycznia delegacja z <strong>Zespo\u0142u Szk\u00f3\u0142 im. prof. Emila Chroboczka<br>w Szubinie<\/strong> zaprosi\u0142a \u00f3smoklasist\u00f3w na ferie w ich plac\u00f3wce.<\/p>\n\n\n\n<figure class=\"wp-block-gallery has-nested-images columns-4 is-cropped wp-block-gallery-2 is-layout-flex wp-block-gallery-is-layout-flex\">\n<figure class=\"wp-block-image size-large\"><a href=\"https:\/\/mycielewo.pl\/?attachment_id=34942\"><img loading=\"lazy\" decoding=\"async\" width=\"224\" height=\"300\" data-id=\"34942\" src=\"https:\/\/mycielewo.pl\/wp-content\/uploads\/2023\/02\/image1-224x300.jpg\" alt=\"\" class=\"wp-image-34942\" srcset=\"https:\/\/mycielewo.pl\/wp-content\/uploads\/2023\/02\/image1-224x300.jpg 224w, https:\/\/mycielewo.pl\/wp-content\/uploads\/2023\/02\/image1-187x250.jpg 187w, https:\/\/mycielewo.pl\/wp-content\/uploads\/2023\/02\/image1.jpg 673w\" sizes=\"auto, (max-width: 224px) 100vw, 224px\" \/><\/a><\/figure>\n\n\n\n<figure class=\"wp-block-image size-large\"><a href=\"https:\/\/mycielewo.pl\/?attachment_id=34943\"><img loading=\"lazy\" decoding=\"async\" width=\"224\" height=\"300\" data-id=\"34943\" src=\"https:\/\/mycielewo.pl\/wp-content\/uploads\/2023\/02\/image2-224x300.jpg\" alt=\"\" class=\"wp-image-34943\" srcset=\"https:\/\/mycielewo.pl\/wp-content\/uploads\/2023\/02\/image2-224x300.jpg 224w, https:\/\/mycielewo.pl\/wp-content\/uploads\/2023\/02\/image2-187x250.jpg 187w, https:\/\/mycielewo.pl\/wp-content\/uploads\/2023\/02\/image2.jpg 673w\" sizes=\"auto, (max-width: 224px) 100vw, 224px\" \/><\/a><\/figure>\n\n\n\n<figure class=\"wp-block-image size-large\"><a href=\"https:\/\/mycielewo.pl\/?attachment_id=34944\"><img loading=\"lazy\" decoding=\"async\" width=\"300\" height=\"224\" data-id=\"34944\" src=\"https:\/\/mycielewo.pl\/wp-content\/uploads\/2023\/02\/image3-300x224.jpg\" alt=\"\" class=\"wp-image-34944\" srcset=\"https:\/\/mycielewo.pl\/wp-content\/uploads\/2023\/02\/image3-300x224.jpg 300w, https:\/\/mycielewo.pl\/wp-content\/uploads\/2023\/02\/image3-250x187.jpg 250w, https:\/\/mycielewo.pl\/wp-content\/uploads\/2023\/02\/image3-768x574.jpg 768w, https:\/\/mycielewo.pl\/wp-content\/uploads\/2023\/02\/image3.jpg 1200w\" sizes=\"auto, (max-width: 300px) 100vw, 300px\" \/><\/a><\/figure>\n\n\n\n<figure class=\"wp-block-image size-large\"><a href=\"https:\/\/mycielewo.pl\/?attachment_id=34945\"><img loading=\"lazy\" decoding=\"async\" width=\"300\" height=\"224\" data-id=\"34945\" src=\"https:\/\/mycielewo.pl\/wp-content\/uploads\/2023\/02\/image4-300x224.jpg\" alt=\"\" class=\"wp-image-34945\" srcset=\"https:\/\/mycielewo.pl\/wp-content\/uploads\/2023\/02\/image4-300x224.jpg 300w, https:\/\/mycielewo.pl\/wp-content\/uploads\/2023\/02\/image4-250x187.jpg 250w, https:\/\/mycielewo.pl\/wp-content\/uploads\/2023\/02\/image4-768x574.jpg 768w, https:\/\/mycielewo.pl\/wp-content\/uploads\/2023\/02\/image4.jpg 1200w\" sizes=\"auto, (max-width: 300px) 100vw, 300px\" \/><\/a><\/figure>\n<\/figure>\n","protected":false},"excerpt":{"rendered":"<p>26 stycznia delegacja z Zespo\u0142u Szk\u00f3\u0142 im. prof. Emila Chroboczkaw Szubinie zaprosi\u0142a \u00f3smoklasist\u00f3w na ferie w ich plac\u00f3wce.<\/p>\n","protected":false},"author":1,"featured_media":0,"comment_status":"open","ping_status":"open","sticky":false,"template":"","format":"standard","meta":{"footnotes":""},"categories":[1],"tags":[],"class_list":["post-34941","post","type-post","status-publish","format-standard","hentry","category-bez-kategorii"],"_links":{"self":[{"href":"https:\/\/mycielewo.pl\/index.php?rest_route=\/wp\/v2\/posts\/34941","targetHints":{"allow":["GET"]}}],"collection":[{"href":"https:\/\/mycielewo.pl\/index.php?rest_route=\/wp\/v2\/posts"}],"about":[{"href":"https:\/\/mycielewo.pl\/index.php?rest_route=\/wp\/v2\/types\/post"}],"author":[{"embeddable":true,"href":"https:\/\/mycielewo.pl\/index.php?rest_route=\/wp\/v2\/users\/1"}],"replies":[{"embeddable":true,"href":"https:\/\/mycielewo.pl\/index.php?rest_route=%2Fwp%2Fv2%2Fcomments&post=34941"}],"version-history":[{"count":1,"href":"https:\/\/mycielewo.pl\/index.php?rest_route=\/wp\/v2\/posts\/34941\/revisions"}],"predecessor-version":[{"id":34946,"href":"https:\/\/mycielewo.pl\/index.php?rest_route=\/wp\/v2\/posts\/34941\/revisions\/34946"}],"wp:attachment":[{"href":"https:\/\/mycielewo.pl\/index.php?rest_route=%2Fwp%2Fv2%2Fmedia&parent=34941"}],"wp:term":[{"taxonomy":"category","embeddable":true,"href":"https:\/\/mycielewo.pl\/index.php?rest_route=%2Fwp%2Fv2%2Fcategories&post=34941"},{"taxonomy":"post_tag","embeddable":true,"href":"https:\/\/mycielewo.pl\/index.php?rest_route=%2Fwp%2Fv2%2Ftags&post=34941"}],"curies":[{"name":"wp","href":"https:\/\/api.w.org\/{rel}","templated":true}]}}