{"id":34934,"date":"2023-01-25T23:42:48","date_gmt":"2023-01-25T23:42:48","guid":{"rendered":"http:\/\/www.mycielewo.pl\/?p=34934"},"modified":"2023-01-25T23:42:48","modified_gmt":"2023-01-25T23:42:48","slug":"zebranie-z-rodzicami-16","status":"publish","type":"post","link":"https:\/\/mycielewo.pl\/?p=34934","title":{"rendered":"Zebranie z rodzicami"},"content":{"rendered":"\n<p><strong>Dnia 26.01.2023 r. (czwartek) o godzinie 16.30 odb\u0119dzie si\u0119 zebranie rodzic\u00f3w<\/strong>. <\/p>\n\n\n\n<p><strong>Zapraszamy <\/strong><\/p>\n\n\n\n<p><\/p>\n","protected":false},"excerpt":{"rendered":"<p>Dnia 26.01.2023 r. (czwartek) o godzinie 16.30 odb\u0119dzie si\u0119 zebranie rodzic\u00f3w. Zapraszamy<\/p>\n","protected":false},"author":4,"featured_media":0,"comment_status":"open","ping_status":"open","sticky":false,"template":"","format":"standard","meta":{"footnotes":""},"categories":[1],"tags":[],"class_list":["post-34934","post","type-post","status-publish","format-standard","hentry","category-bez-kategorii"],"_links":{"self":[{"href":"https:\/\/mycielewo.pl\/index.php?rest_route=\/wp\/v2\/posts\/34934","targetHints":{"allow":["GET"]}}],"collection":[{"href":"https:\/\/mycielewo.pl\/index.php?rest_route=\/wp\/v2\/posts"}],"about":[{"href":"https:\/\/mycielewo.pl\/index.php?rest_route=\/wp\/v2\/types\/post"}],"author":[{"embeddable":true,"href":"https:\/\/mycielewo.pl\/index.php?rest_route=\/wp\/v2\/users\/4"}],"replies":[{"embeddable":true,"href":"https:\/\/mycielewo.pl\/index.php?rest_route=%2Fwp%2Fv2%2Fcomments&post=34934"}],"version-history":[{"count":1,"href":"https:\/\/mycielewo.pl\/index.php?rest_route=\/wp\/v2\/posts\/34934\/revisions"}],"predecessor-version":[{"id":34935,"href":"https:\/\/mycielewo.pl\/index.php?rest_route=\/wp\/v2\/posts\/34934\/revisions\/34935"}],"wp:attachment":[{"href":"https:\/\/mycielewo.pl\/index.php?rest_route=%2Fwp%2Fv2%2Fmedia&parent=34934"}],"wp:term":[{"taxonomy":"category","embeddable":true,"href":"https:\/\/mycielewo.pl\/index.php?rest_route=%2Fwp%2Fv2%2Fcategories&post=34934"},{"taxonomy":"post_tag","embeddable":true,"href":"https:\/\/mycielewo.pl\/index.php?rest_route=%2Fwp%2Fv2%2Ftags&post=34934"}],"curies":[{"name":"wp","href":"https:\/\/api.w.org\/{rel}","templated":true}]}}