{"id":34917,"date":"2023-01-25T08:51:05","date_gmt":"2023-01-25T08:51:05","guid":{"rendered":"http:\/\/www.mycielewo.pl\/?p=34917"},"modified":"2023-01-25T08:52:08","modified_gmt":"2023-01-25T08:52:08","slug":"zblizaja-sie-ferie-zimowe-pogadanki-z-policja-z-kcyni-i-nakla","status":"publish","type":"post","link":"https:\/\/mycielewo.pl\/?p=34917","title":{"rendered":"Zbli\u017caj\u0105 si\u0119 ferie zimowe. Pogadanki z policj\u0105 z Kcyni i Nak\u0142a"},"content":{"rendered":"\n<p>W ostatnim tygodniu przed przerw\u0105 zimow\u0105 dla uczni\u00f3w szk\u00f3\u0142 m.in. wojew\u00f3dztwa kujawsko-pomorskiego m\u0142. asp. <strong>Andrzej Marks<\/strong> \u2013 dzielnicowy z Kcyni, przeprowadzi\u0142 pogadanki dla dzieci z oddzia\u0142\u00f3w od zero do pi\u0119\u0107 Szko\u0142y Podstawowej w Mycielewie. Wychowankowie plac\u00f3wki o\u015bwiatowej rozmawiali o niebezpiecze\u0144stwach czyhaj\u0105cych podczas ferii zimowych.<\/p>\n\n\n\n<p>Natomiast asp. <strong>Zofia Wrzeszcz<\/strong> z Komendy Powiatowej Policji w Nakle nad Noteci\u0105 przeprowadzi\u0142a zaj\u0119cia z uczniami oddzia\u0142\u00f3w 6, 7 i 8 o odpowiedzialno\u015b\u0107 karnej nieletnich.<\/p>\n\n\n\n<p class=\"has-text-align-right\"><em>Ma\u0142gorzata Kwiatkowska<\/em><\/p>\n\n\n\n<figure class=\"wp-block-gallery has-nested-images columns-8 is-cropped wp-block-gallery-2 is-layout-flex wp-block-gallery-is-layout-flex\">\n<figure class=\"wp-block-image size-large\"><a href=\"https:\/\/mycielewo.pl\/?attachment_id=34922\"><img loading=\"lazy\" decoding=\"async\" width=\"224\" height=\"300\" data-id=\"34922\" src=\"https:\/\/mycielewo.pl\/wp-content\/uploads\/2023\/01\/image001-10-224x300.jpg\" alt=\"\" class=\"wp-image-34922\" srcset=\"https:\/\/mycielewo.pl\/wp-content\/uploads\/2023\/01\/image001-10-224x300.jpg 224w, https:\/\/mycielewo.pl\/wp-content\/uploads\/2023\/01\/image001-10-187x250.jpg 187w, https:\/\/mycielewo.pl\/wp-content\/uploads\/2023\/01\/image001-10.jpg 673w\" sizes=\"auto, (max-width: 224px) 100vw, 224px\" \/><\/a><\/figure>\n\n\n\n<figure class=\"wp-block-image size-large\"><a href=\"https:\/\/mycielewo.pl\/?attachment_id=34919\"><img loading=\"lazy\" decoding=\"async\" width=\"224\" height=\"300\" data-id=\"34919\" src=\"https:\/\/mycielewo.pl\/wp-content\/uploads\/2023\/01\/image002-10-224x300.jpg\" alt=\"\" class=\"wp-image-34919\" srcset=\"https:\/\/mycielewo.pl\/wp-content\/uploads\/2023\/01\/image002-10-224x300.jpg 224w, https:\/\/mycielewo.pl\/wp-content\/uploads\/2023\/01\/image002-10-187x250.jpg 187w, https:\/\/mycielewo.pl\/wp-content\/uploads\/2023\/01\/image002-10.jpg 673w\" sizes=\"auto, (max-width: 224px) 100vw, 224px\" \/><\/a><\/figure>\n\n\n\n<figure class=\"wp-block-image size-large\"><a href=\"https:\/\/mycielewo.pl\/?attachment_id=34921\"><img loading=\"lazy\" decoding=\"async\" width=\"224\" height=\"300\" data-id=\"34921\" src=\"https:\/\/mycielewo.pl\/wp-content\/uploads\/2023\/01\/image003-10-224x300.jpg\" alt=\"\" class=\"wp-image-34921\" srcset=\"https:\/\/mycielewo.pl\/wp-content\/uploads\/2023\/01\/image003-10-224x300.jpg 224w, https:\/\/mycielewo.pl\/wp-content\/uploads\/2023\/01\/image003-10-187x250.jpg 187w, https:\/\/mycielewo.pl\/wp-content\/uploads\/2023\/01\/image003-10.jpg 673w\" sizes=\"auto, (max-width: 224px) 100vw, 224px\" \/><\/a><\/figure>\n\n\n\n<figure class=\"wp-block-image size-large\"><a href=\"https:\/\/mycielewo.pl\/?attachment_id=34924\"><img loading=\"lazy\" decoding=\"async\" width=\"224\" height=\"300\" data-id=\"34924\" src=\"https:\/\/mycielewo.pl\/wp-content\/uploads\/2023\/01\/image004-10-224x300.jpg\" alt=\"\" class=\"wp-image-34924\" srcset=\"https:\/\/mycielewo.pl\/wp-content\/uploads\/2023\/01\/image004-10-224x300.jpg 224w, https:\/\/mycielewo.pl\/wp-content\/uploads\/2023\/01\/image004-10-187x250.jpg 187w, https:\/\/mycielewo.pl\/wp-content\/uploads\/2023\/01\/image004-10.jpg 673w\" sizes=\"auto, (max-width: 224px) 100vw, 224px\" \/><\/a><\/figure>\n\n\n\n<figure class=\"wp-block-image size-large\"><a href=\"https:\/\/mycielewo.pl\/?attachment_id=34920\"><img loading=\"lazy\" decoding=\"async\" width=\"224\" height=\"300\" data-id=\"34920\" src=\"https:\/\/mycielewo.pl\/wp-content\/uploads\/2023\/01\/image005-9-224x300.jpg\" alt=\"\" class=\"wp-image-34920\" srcset=\"https:\/\/mycielewo.pl\/wp-content\/uploads\/2023\/01\/image005-9-224x300.jpg 224w, https:\/\/mycielewo.pl\/wp-content\/uploads\/2023\/01\/image005-9-187x250.jpg 187w, https:\/\/mycielewo.pl\/wp-content\/uploads\/2023\/01\/image005-9.jpg 673w\" sizes=\"auto, (max-width: 224px) 100vw, 224px\" \/><\/a><\/figure>\n\n\n\n<figure class=\"wp-block-image size-large\"><a href=\"https:\/\/mycielewo.pl\/?attachment_id=34923\"><img loading=\"lazy\" decoding=\"async\" width=\"300\" height=\"224\" data-id=\"34923\" src=\"https:\/\/mycielewo.pl\/wp-content\/uploads\/2023\/01\/image006-9-300x224.jpg\" alt=\"\" class=\"wp-image-34923\" srcset=\"https:\/\/mycielewo.pl\/wp-content\/uploads\/2023\/01\/image006-9-300x224.jpg 300w, https:\/\/mycielewo.pl\/wp-content\/uploads\/2023\/01\/image006-9-250x187.jpg 250w, https:\/\/mycielewo.pl\/wp-content\/uploads\/2023\/01\/image006-9-768x574.jpg 768w, https:\/\/mycielewo.pl\/wp-content\/uploads\/2023\/01\/image006-9.jpg 1200w\" sizes=\"auto, (max-width: 300px) 100vw, 300px\" \/><\/a><\/figure>\n\n\n\n<figure class=\"wp-block-image size-large\"><a href=\"https:\/\/mycielewo.pl\/?attachment_id=34926\"><img loading=\"lazy\" decoding=\"async\" width=\"300\" height=\"224\" data-id=\"34926\" src=\"https:\/\/mycielewo.pl\/wp-content\/uploads\/2023\/01\/image007-8-300x224.jpg\" alt=\"\" class=\"wp-image-34926\" srcset=\"https:\/\/mycielewo.pl\/wp-content\/uploads\/2023\/01\/image007-8-300x224.jpg 300w, https:\/\/mycielewo.pl\/wp-content\/uploads\/2023\/01\/image007-8-250x187.jpg 250w, https:\/\/mycielewo.pl\/wp-content\/uploads\/2023\/01\/image007-8-768x574.jpg 768w, https:\/\/mycielewo.pl\/wp-content\/uploads\/2023\/01\/image007-8.jpg 1200w\" sizes=\"auto, (max-width: 300px) 100vw, 300px\" \/><\/a><\/figure>\n\n\n\n<figure class=\"wp-block-image size-large\"><a href=\"https:\/\/mycielewo.pl\/?attachment_id=34925\"><img loading=\"lazy\" decoding=\"async\" width=\"224\" height=\"300\" data-id=\"34925\" src=\"https:\/\/mycielewo.pl\/wp-content\/uploads\/2023\/01\/image008-7-224x300.jpg\" alt=\"\" class=\"wp-image-34925\" srcset=\"https:\/\/mycielewo.pl\/wp-content\/uploads\/2023\/01\/image008-7-224x300.jpg 224w, https:\/\/mycielewo.pl\/wp-content\/uploads\/2023\/01\/image008-7-187x250.jpg 187w, https:\/\/mycielewo.pl\/wp-content\/uploads\/2023\/01\/image008-7.jpg 673w\" sizes=\"auto, (max-width: 224px) 100vw, 224px\" \/><\/a><\/figure>\n\n\n\n<figure class=\"wp-block-image size-large\"><a href=\"https:\/\/mycielewo.pl\/?attachment_id=34928\"><img loading=\"lazy\" decoding=\"async\" width=\"300\" height=\"224\" data-id=\"34928\" src=\"https:\/\/mycielewo.pl\/wp-content\/uploads\/2023\/01\/image009-7-300x224.jpg\" alt=\"\" class=\"wp-image-34928\" srcset=\"https:\/\/mycielewo.pl\/wp-content\/uploads\/2023\/01\/image009-7-300x224.jpg 300w, https:\/\/mycielewo.pl\/wp-content\/uploads\/2023\/01\/image009-7-250x187.jpg 250w, https:\/\/mycielewo.pl\/wp-content\/uploads\/2023\/01\/image009-7-768x574.jpg 768w, https:\/\/mycielewo.pl\/wp-content\/uploads\/2023\/01\/image009-7.jpg 1200w\" sizes=\"auto, (max-width: 300px) 100vw, 300px\" \/><\/a><\/figure>\n\n\n\n<figure class=\"wp-block-image size-large\"><a href=\"https:\/\/mycielewo.pl\/?attachment_id=34927\"><img loading=\"lazy\" decoding=\"async\" width=\"224\" height=\"300\" data-id=\"34927\" src=\"https:\/\/mycielewo.pl\/wp-content\/uploads\/2023\/01\/image010-7-224x300.jpg\" alt=\"\" class=\"wp-image-34927\" srcset=\"https:\/\/mycielewo.pl\/wp-content\/uploads\/2023\/01\/image010-7-224x300.jpg 224w, https:\/\/mycielewo.pl\/wp-content\/uploads\/2023\/01\/image010-7-187x250.jpg 187w, https:\/\/mycielewo.pl\/wp-content\/uploads\/2023\/01\/image010-7.jpg 673w\" sizes=\"auto, (max-width: 224px) 100vw, 224px\" \/><\/a><\/figure>\n\n\n\n<figure class=\"wp-block-image size-large\"><a href=\"https:\/\/mycielewo.pl\/?attachment_id=34929\"><img loading=\"lazy\" decoding=\"async\" width=\"300\" height=\"224\" data-id=\"34929\" src=\"https:\/\/mycielewo.pl\/wp-content\/uploads\/2023\/01\/image011-6-300x224.jpg\" alt=\"\" class=\"wp-image-34929\" srcset=\"https:\/\/mycielewo.pl\/wp-content\/uploads\/2023\/01\/image011-6-300x224.jpg 300w, https:\/\/mycielewo.pl\/wp-content\/uploads\/2023\/01\/image011-6-250x187.jpg 250w, https:\/\/mycielewo.pl\/wp-content\/uploads\/2023\/01\/image011-6-768x574.jpg 768w, https:\/\/mycielewo.pl\/wp-content\/uploads\/2023\/01\/image011-6.jpg 1200w\" sizes=\"auto, (max-width: 300px) 100vw, 300px\" \/><\/a><\/figure>\n\n\n\n<figure class=\"wp-block-image size-large\"><a href=\"https:\/\/mycielewo.pl\/?attachment_id=34930\"><img loading=\"lazy\" decoding=\"async\" width=\"300\" height=\"224\" data-id=\"34930\" src=\"https:\/\/mycielewo.pl\/wp-content\/uploads\/2023\/01\/image012-5-300x224.jpg\" alt=\"\" class=\"wp-image-34930\" srcset=\"https:\/\/mycielewo.pl\/wp-content\/uploads\/2023\/01\/image012-5-300x224.jpg 300w, https:\/\/mycielewo.pl\/wp-content\/uploads\/2023\/01\/image012-5-250x187.jpg 250w, https:\/\/mycielewo.pl\/wp-content\/uploads\/2023\/01\/image012-5-768x574.jpg 768w, https:\/\/mycielewo.pl\/wp-content\/uploads\/2023\/01\/image012-5.jpg 1200w\" sizes=\"auto, (max-width: 300px) 100vw, 300px\" \/><\/a><\/figure>\n\n\n\n<figure class=\"wp-block-image size-large\"><a href=\"https:\/\/mycielewo.pl\/?attachment_id=34931\"><img loading=\"lazy\" decoding=\"async\" width=\"300\" height=\"224\" data-id=\"34931\" src=\"https:\/\/mycielewo.pl\/wp-content\/uploads\/2023\/01\/image013-5-300x224.jpg\" alt=\"\" class=\"wp-image-34931\" srcset=\"https:\/\/mycielewo.pl\/wp-content\/uploads\/2023\/01\/image013-5-300x224.jpg 300w, https:\/\/mycielewo.pl\/wp-content\/uploads\/2023\/01\/image013-5-250x187.jpg 250w, https:\/\/mycielewo.pl\/wp-content\/uploads\/2023\/01\/image013-5-768x574.jpg 768w, https:\/\/mycielewo.pl\/wp-content\/uploads\/2023\/01\/image013-5.jpg 1200w\" sizes=\"auto, (max-width: 300px) 100vw, 300px\" \/><\/a><\/figure>\n<\/figure>\n","protected":false},"excerpt":{"rendered":"<p>W ostatnim tygodniu przed przerw\u0105 zimow\u0105 dla uczni\u00f3w szk\u00f3\u0142 m.in. wojew\u00f3dztwa kujawsko-pomorskiego m\u0142. asp. Andrzej Marks \u2013 dzielnicowy z Kcyni, przeprowadzi\u0142 pogadanki dla dzieci z oddzia\u0142\u00f3w od zero do pi\u0119\u0107 Szko\u0142y Podstawowej w Mycielewie. Wychowankowie plac\u00f3wki o\u015bwiatowej rozmawiali o niebezpiecze\u0144stwach czyhaj\u0105cych podczas ferii zimowych. Natomiast asp. Zofia Wrzeszcz z Komendy Powiatowej Policji w Nakle nad&hellip; <a class=\"continue\" href=\"https:\/\/mycielewo.pl\/?p=34917\">Kontynuuj czytanie<span> Zbli\u017caj\u0105 si\u0119 ferie zimowe. Pogadanki z policj\u0105 z Kcyni i Nak\u0142a<\/span><\/a><\/p>\n","protected":false},"author":1,"featured_media":0,"comment_status":"open","ping_status":"open","sticky":false,"template":"","format":"standard","meta":{"footnotes":""},"categories":[1],"tags":[],"class_list":["post-34917","post","type-post","status-publish","format-standard","hentry","category-bez-kategorii"],"_links":{"self":[{"href":"https:\/\/mycielewo.pl\/index.php?rest_route=\/wp\/v2\/posts\/34917","targetHints":{"allow":["GET"]}}],"collection":[{"href":"https:\/\/mycielewo.pl\/index.php?rest_route=\/wp\/v2\/posts"}],"about":[{"href":"https:\/\/mycielewo.pl\/index.php?rest_route=\/wp\/v2\/types\/post"}],"author":[{"embeddable":true,"href":"https:\/\/mycielewo.pl\/index.php?rest_route=\/wp\/v2\/users\/1"}],"replies":[{"embeddable":true,"href":"https:\/\/mycielewo.pl\/index.php?rest_route=%2Fwp%2Fv2%2Fcomments&post=34917"}],"version-history":[{"count":2,"href":"https:\/\/mycielewo.pl\/index.php?rest_route=\/wp\/v2\/posts\/34917\/revisions"}],"predecessor-version":[{"id":34932,"href":"https:\/\/mycielewo.pl\/index.php?rest_route=\/wp\/v2\/posts\/34917\/revisions\/34932"}],"wp:attachment":[{"href":"https:\/\/mycielewo.pl\/index.php?rest_route=%2Fwp%2Fv2%2Fmedia&parent=34917"}],"wp:term":[{"taxonomy":"category","embeddable":true,"href":"https:\/\/mycielewo.pl\/index.php?rest_route=%2Fwp%2Fv2%2Fcategories&post=34917"},{"taxonomy":"post_tag","embeddable":true,"href":"https:\/\/mycielewo.pl\/index.php?rest_route=%2Fwp%2Fv2%2Ftags&post=34917"}],"curies":[{"name":"wp","href":"https:\/\/api.w.org\/{rel}","templated":true}]}}