{"id":34475,"date":"2022-11-26T08:17:00","date_gmt":"2022-11-26T08:17:00","guid":{"rendered":"http:\/\/www.mycielewo.pl\/?p=34475"},"modified":"2022-12-19T08:18:56","modified_gmt":"2022-12-19T08:18:56","slug":"probne-egzaminy-osmoklasisty","status":"publish","type":"post","link":"https:\/\/mycielewo.pl\/?p=34475","title":{"rendered":"Pr\u00f3bne egzaminy \u00f3smoklasisty"},"content":{"rendered":"\n<p>25, 28 i 29 listopada 2022 roku uczniowie \u00f3smej klasy pisali pr\u00f3bny egzamin \u00f3smoklasisty z j\u0119zyka polskiego, j\u0119zyka angielskiego i matematyki. <\/p>\n","protected":false},"excerpt":{"rendered":"<p>25, 28 i 29 listopada 2022 roku uczniowie \u00f3smej klasy pisali pr\u00f3bny egzamin \u00f3smoklasisty z j\u0119zyka polskiego, j\u0119zyka angielskiego i matematyki.<\/p>\n","protected":false},"author":1,"featured_media":0,"comment_status":"open","ping_status":"open","sticky":false,"template":"","format":"standard","meta":{"footnotes":""},"categories":[1],"tags":[],"class_list":["post-34475","post","type-post","status-publish","format-standard","hentry","category-bez-kategorii"],"_links":{"self":[{"href":"https:\/\/mycielewo.pl\/index.php?rest_route=\/wp\/v2\/posts\/34475","targetHints":{"allow":["GET"]}}],"collection":[{"href":"https:\/\/mycielewo.pl\/index.php?rest_route=\/wp\/v2\/posts"}],"about":[{"href":"https:\/\/mycielewo.pl\/index.php?rest_route=\/wp\/v2\/types\/post"}],"author":[{"embeddable":true,"href":"https:\/\/mycielewo.pl\/index.php?rest_route=\/wp\/v2\/users\/1"}],"replies":[{"embeddable":true,"href":"https:\/\/mycielewo.pl\/index.php?rest_route=%2Fwp%2Fv2%2Fcomments&post=34475"}],"version-history":[{"count":1,"href":"https:\/\/mycielewo.pl\/index.php?rest_route=\/wp\/v2\/posts\/34475\/revisions"}],"predecessor-version":[{"id":34476,"href":"https:\/\/mycielewo.pl\/index.php?rest_route=\/wp\/v2\/posts\/34475\/revisions\/34476"}],"wp:attachment":[{"href":"https:\/\/mycielewo.pl\/index.php?rest_route=%2Fwp%2Fv2%2Fmedia&parent=34475"}],"wp:term":[{"taxonomy":"category","embeddable":true,"href":"https:\/\/mycielewo.pl\/index.php?rest_route=%2Fwp%2Fv2%2Fcategories&post=34475"},{"taxonomy":"post_tag","embeddable":true,"href":"https:\/\/mycielewo.pl\/index.php?rest_route=%2Fwp%2Fv2%2Ftags&post=34475"}],"curies":[{"name":"wp","href":"https:\/\/api.w.org\/{rel}","templated":true}]}}