{"id":34155,"date":"2022-12-02T15:05:07","date_gmt":"2022-12-02T15:05:07","guid":{"rendered":"http:\/\/www.mycielewo.pl\/?p=34155"},"modified":"2022-12-05T08:16:47","modified_gmt":"2022-12-05T08:16:47","slug":"przyjdz-3-grudnia-na-kiermasz-bozonarodzeniowy","status":"publish","type":"post","link":"https:\/\/mycielewo.pl\/?p=34155","title":{"rendered":"Przyjd\u017a 3 grudnia na Kiermasz Bo\u017conarodzeniowy"},"content":{"rendered":"\n<p>Zapraszamy na Kiermasz Bo\u017conarodzeniowy 3 grudnia 2022 r. (sobota) na kcy\u0144ski rynek. Startujemy o godz. 8:00.<br>Gminne Centrum Kultury i Biblioteki im. Klary Prillowej przygotowa\u0142o wspania\u0142e, \u015bwi\u0105teczne wydarzenie.<\/p>\n\n\n\n<p><strong>B\u0119dziemy oczywi\u015bcie tam My &#8211; &#8222;Stowarzyszenie Aktywne Mycielewo&#8221;<\/strong> <strong>z dobrami, kt\u00f3re zgromadzili\u015bmy wsp\u00f3lnie z rodzicami, uczniami, nauczycielami i wszystkimi lud\u017ami dobrej woli! Czekamy na Was &#8211; b\u0119dzie i pi\u0119knie, i smacznie! Do zobaczenia jutro w Kcyni na Rynku!<\/strong><\/p>\n\n\n\n<p><a href=\"https:\/\/www.facebook.com\/photo\/?fbid=490098183103283&amp;set=pcb.490098749769893&amp;__cft__[0]=AZWrL1W9Ne9QuDwvgayHPvc1_QusH-CtD8nq93eycgO5yKHb4Dwc0fqi8EpCP3WWYGMA7d053n1BD87JCWGyECBF69jMVYOf_NxE3e92xb06_nHOfIW5IB-JIgDu8IR4ebbDH9TlxMkTNBkoqG3bmE07lKtUmZ4Bcd54hT39t9VosGpNGF-2UpkZXYgYCENur9c&amp;__tn__=*bH-R\"><\/a><\/p>\n\n\n<div class=\"wp-block-image\">\n<figure class=\"aligncenter\"><a href=\"https:\/\/www.facebook.com\/photo\/?fbid=490098183103283&amp;set=pcb.490098749769893&amp;__cft__[0]=AZWrL1W9Ne9QuDwvgayHPvc1_QusH-CtD8nq93eycgO5yKHb4Dwc0fqi8EpCP3WWYGMA7d053n1BD87JCWGyECBF69jMVYOf_NxE3e92xb06_nHOfIW5IB-JIgDu8IR4ebbDH9TlxMkTNBkoqG3bmE07lKtUmZ4Bcd54hT39t9VosGpNGF-2UpkZXYgYCENur9c&amp;__tn__=*bH-R\"><img decoding=\"async\" src=\"https:\/\/scontent-frt3-2.xx.fbcdn.net\/v\/t39.30808-6\/316836815_490098179769950_1992385558038890871_n.jpg?stp=dst-jpg_s600x600&amp;_nc_cat=107&amp;ccb=1-7&amp;_nc_sid=730e14&amp;_nc_ohc=9fzeMNsXYv8AX9RVSM_&amp;tn=v0K39wuGRZCycKw2&amp;_nc_ht=scontent-frt3-2.xx&amp;oh=00_AfCAEx-YJlvPTNOy-RFcse0UbBopD06WXjtHLbbafdnHMA&amp;oe=638F6446\" alt=\"\"\/><\/a><\/figure>\n<\/div>\n\n\n<p><a href=\"https:\/\/www.facebook.com\/photo\/?fbid=490110636435371&amp;set=pcb.490098749769893&amp;__cft__[0]=AZWrL1W9Ne9QuDwvgayHPvc1_QusH-CtD8nq93eycgO5yKHb4Dwc0fqi8EpCP3WWYGMA7d053n1BD87JCWGyECBF69jMVYOf_NxE3e92xb06_nHOfIW5IB-JIgDu8IR4ebbDH9TlxMkTNBkoqG3bmE07lKtUmZ4Bcd54hT39t9VosGpNGF-2UpkZXYgYCENur9c&amp;__tn__=*bH-R\"><\/a><\/p>\n\n\n<div class=\"wp-block-image\">\n<figure class=\"aligncenter\"><a href=\"https:\/\/www.facebook.com\/photo\/?fbid=490110636435371&amp;set=pcb.490098749769893&amp;__cft__[0]=AZWrL1W9Ne9QuDwvgayHPvc1_QusH-CtD8nq93eycgO5yKHb4Dwc0fqi8EpCP3WWYGMA7d053n1BD87JCWGyECBF69jMVYOf_NxE3e92xb06_nHOfIW5IB-JIgDu8IR4ebbDH9TlxMkTNBkoqG3bmE07lKtUmZ4Bcd54hT39t9VosGpNGF-2UpkZXYgYCENur9c&amp;__tn__=*bH-R\"><img decoding=\"async\" src=\"https:\/\/scontent-frt3-1.xx.fbcdn.net\/v\/t39.30808-6\/317340321_490110626435372_4600776795199164541_n.jpg?stp=dst-jpg_p180x540&amp;_nc_cat=106&amp;ccb=1-7&amp;_nc_sid=730e14&amp;_nc_ohc=plzvXKBRGFYAX_deagU&amp;tn=v0K39wuGRZCycKw2&amp;_nc_ht=scontent-frt3-1.xx&amp;oh=00_AfAE3Ai41I6CXKvKy9RmdMAJA7wzGdP8jhXwxQ-DRydUKA&amp;oe=638F9A1D\" alt=\"\"\/><\/a><\/figure>\n<\/div>\n\n\n<p><\/p>\n","protected":false},"excerpt":{"rendered":"<p>Zapraszamy na Kiermasz Bo\u017conarodzeniowy 3 grudnia 2022 r. (sobota) na kcy\u0144ski rynek. Startujemy o godz. 8:00.Gminne Centrum Kultury i Biblioteki im. Klary Prillowej przygotowa\u0142o wspania\u0142e, \u015bwi\u0105teczne wydarzenie. B\u0119dziemy oczywi\u015bcie tam My &#8211; &#8222;Stowarzyszenie Aktywne Mycielewo&#8221; z dobrami, kt\u00f3re zgromadzili\u015bmy wsp\u00f3lnie z rodzicami, uczniami, nauczycielami i wszystkimi lud\u017ami dobrej woli! Czekamy na Was &#8211; b\u0119dzie i&hellip; <a class=\"continue\" href=\"https:\/\/mycielewo.pl\/?p=34155\">Kontynuuj czytanie<span> Przyjd\u017a 3 grudnia na Kiermasz Bo\u017conarodzeniowy<\/span><\/a><\/p>\n","protected":false},"author":4,"featured_media":0,"comment_status":"open","ping_status":"open","sticky":false,"template":"","format":"standard","meta":{"footnotes":""},"categories":[1],"tags":[],"class_list":["post-34155","post","type-post","status-publish","format-standard","hentry","category-bez-kategorii"],"_links":{"self":[{"href":"https:\/\/mycielewo.pl\/index.php?rest_route=\/wp\/v2\/posts\/34155","targetHints":{"allow":["GET"]}}],"collection":[{"href":"https:\/\/mycielewo.pl\/index.php?rest_route=\/wp\/v2\/posts"}],"about":[{"href":"https:\/\/mycielewo.pl\/index.php?rest_route=\/wp\/v2\/types\/post"}],"author":[{"embeddable":true,"href":"https:\/\/mycielewo.pl\/index.php?rest_route=\/wp\/v2\/users\/4"}],"replies":[{"embeddable":true,"href":"https:\/\/mycielewo.pl\/index.php?rest_route=%2Fwp%2Fv2%2Fcomments&post=34155"}],"version-history":[{"count":2,"href":"https:\/\/mycielewo.pl\/index.php?rest_route=\/wp\/v2\/posts\/34155\/revisions"}],"predecessor-version":[{"id":34157,"href":"https:\/\/mycielewo.pl\/index.php?rest_route=\/wp\/v2\/posts\/34155\/revisions\/34157"}],"wp:attachment":[{"href":"https:\/\/mycielewo.pl\/index.php?rest_route=%2Fwp%2Fv2%2Fmedia&parent=34155"}],"wp:term":[{"taxonomy":"category","embeddable":true,"href":"https:\/\/mycielewo.pl\/index.php?rest_route=%2Fwp%2Fv2%2Fcategories&post=34155"},{"taxonomy":"post_tag","embeddable":true,"href":"https:\/\/mycielewo.pl\/index.php?rest_route=%2Fwp%2Fv2%2Ftags&post=34155"}],"curies":[{"name":"wp","href":"https:\/\/api.w.org\/{rel}","templated":true}]}}