{"id":34120,"date":"2022-11-29T12:30:03","date_gmt":"2022-11-29T12:30:03","guid":{"rendered":"http:\/\/www.mycielewo.pl\/?p=34120"},"modified":"2022-11-29T14:24:16","modified_gmt":"2022-11-29T14:24:16","slug":"uwaga-uwaga-3","status":"publish","type":"post","link":"https:\/\/mycielewo.pl\/?p=34120","title":{"rendered":"UWAGA! UWAGA!"},"content":{"rendered":"<div class=\"wp-block-image\">\n<figure class=\"alignleft size-large\"><img loading=\"lazy\" decoding=\"async\" width=\"300\" height=\"300\" src=\"https:\/\/mycielewo.pl\/wp-content\/uploads\/2022\/11\/obraz_2022-11-29_132937-300x300.png\" alt=\"\" class=\"wp-image-34121\" srcset=\"https:\/\/mycielewo.pl\/wp-content\/uploads\/2022\/11\/obraz_2022-11-29_132937-300x300.png 300w, https:\/\/mycielewo.pl\/wp-content\/uploads\/2022\/11\/obraz_2022-11-29_132937-250x250.png 250w, https:\/\/mycielewo.pl\/wp-content\/uploads\/2022\/11\/obraz_2022-11-29_132937-60x60.png 60w, https:\/\/mycielewo.pl\/wp-content\/uploads\/2022\/11\/obraz_2022-11-29_132937.png 615w\" sizes=\"auto, (max-width: 300px) 100vw, 300px\" \/><\/figure>\n<\/div>\n\n\n<p class=\"has-vivid-red-color has-text-color\">We wtorek 6 grudnia nasz\u0105 szko\u0142\u0119 odwiedzi \u015awi\u0119ty Miko\u0142aj. <\/p>\n\n\n\n<p class=\"has-vivid-red-color has-text-color\">W tym dniu wszyscy uczniowie obowi\u0105zkowo ubieraj\u0105 miko\u0142ajkowe czapeczki.<\/p>\n\n\n\n<p class=\"has-text-align-right has-vivid-red-color has-text-color\"><em>&nbsp;&nbsp;&nbsp;&nbsp;&nbsp;&nbsp;&nbsp;&nbsp;&nbsp;&nbsp;&nbsp;&nbsp;&nbsp;&nbsp;&nbsp;&nbsp;&nbsp;&nbsp;&nbsp;&nbsp;&nbsp;&nbsp;&nbsp;&nbsp;&nbsp;&nbsp;&nbsp;&nbsp;&nbsp;&nbsp;Samorz\u0105d Uczniowski<\/em><\/p>\n","protected":false},"excerpt":{"rendered":"<p>We wtorek 6 grudnia nasz\u0105 szko\u0142\u0119 odwiedzi \u015awi\u0119ty Miko\u0142aj. W tym dniu wszyscy uczniowie obowi\u0105zkowo ubieraj\u0105 miko\u0142ajkowe czapeczki. &nbsp;&nbsp;&nbsp;&nbsp;&nbsp;&nbsp;&nbsp;&nbsp;&nbsp;&nbsp;&nbsp;&nbsp;&nbsp;&nbsp;&nbsp;&nbsp;&nbsp;&nbsp;&nbsp;&nbsp;&nbsp;&nbsp;&nbsp;&nbsp;&nbsp;&nbsp;&nbsp;&nbsp;&nbsp;&nbsp;Samorz\u0105d Uczniowski<\/p>\n","protected":false},"author":1,"featured_media":0,"comment_status":"open","ping_status":"open","sticky":false,"template":"","format":"standard","meta":{"footnotes":""},"categories":[1],"tags":[],"class_list":["post-34120","post","type-post","status-publish","format-standard","hentry","category-bez-kategorii"],"_links":{"self":[{"href":"https:\/\/mycielewo.pl\/index.php?rest_route=\/wp\/v2\/posts\/34120","targetHints":{"allow":["GET"]}}],"collection":[{"href":"https:\/\/mycielewo.pl\/index.php?rest_route=\/wp\/v2\/posts"}],"about":[{"href":"https:\/\/mycielewo.pl\/index.php?rest_route=\/wp\/v2\/types\/post"}],"author":[{"embeddable":true,"href":"https:\/\/mycielewo.pl\/index.php?rest_route=\/wp\/v2\/users\/1"}],"replies":[{"embeddable":true,"href":"https:\/\/mycielewo.pl\/index.php?rest_route=%2Fwp%2Fv2%2Fcomments&post=34120"}],"version-history":[{"count":4,"href":"https:\/\/mycielewo.pl\/index.php?rest_route=\/wp\/v2\/posts\/34120\/revisions"}],"predecessor-version":[{"id":34125,"href":"https:\/\/mycielewo.pl\/index.php?rest_route=\/wp\/v2\/posts\/34120\/revisions\/34125"}],"wp:attachment":[{"href":"https:\/\/mycielewo.pl\/index.php?rest_route=%2Fwp%2Fv2%2Fmedia&parent=34120"}],"wp:term":[{"taxonomy":"category","embeddable":true,"href":"https:\/\/mycielewo.pl\/index.php?rest_route=%2Fwp%2Fv2%2Fcategories&post=34120"},{"taxonomy":"post_tag","embeddable":true,"href":"https:\/\/mycielewo.pl\/index.php?rest_route=%2Fwp%2Fv2%2Ftags&post=34120"}],"curies":[{"name":"wp","href":"https:\/\/api.w.org\/{rel}","templated":true}]}}