{"id":34024,"date":"2022-11-20T09:24:03","date_gmt":"2022-11-20T09:24:03","guid":{"rendered":"http:\/\/www.mycielewo.pl\/?p=34024"},"modified":"2022-11-20T09:24:03","modified_gmt":"2022-11-20T09:24:03","slug":"dzien-kapcia","status":"publish","type":"post","link":"https:\/\/mycielewo.pl\/?p=34024","title":{"rendered":"Dzie\u0144 Kapcia"},"content":{"rendered":"\n<p>W pi\u0105tek 18 listopada 2022 r.\u00a0odby\u0142 si\u0119 Dzie\u0144 Kapcia zorganizowany przez \u00a0Du\u017cy Samorz\u0105d Uczniowski.<\/p>\n\n\n\n<p>Uczniowie zamienili obuwie szkolne na kapcie lub skarpety. Dzi\u0119kujemy za udzia\u0142 w naszej zabawie.<\/p>\n\n\n\n<p class=\"has-text-align-right\"><em>I. Chojnacka, M. Bernas<\/em><\/p>\n\n\n\n<figure class=\"wp-block-gallery has-nested-images columns-6 is-cropped wp-block-gallery-2 is-layout-flex wp-block-gallery-is-layout-flex\">\n<figure class=\"wp-block-image size-large\"><a href=\"https:\/\/mycielewo.pl\/?attachment_id=34025\"><img loading=\"lazy\" decoding=\"async\" width=\"300\" height=\"225\" data-id=\"34025\" src=\"https:\/\/mycielewo.pl\/wp-content\/uploads\/2022\/11\/image1-2-300x225.jpg\" alt=\"\" class=\"wp-image-34025\" srcset=\"https:\/\/mycielewo.pl\/wp-content\/uploads\/2022\/11\/image1-2-300x225.jpg 300w, https:\/\/mycielewo.pl\/wp-content\/uploads\/2022\/11\/image1-2-250x188.jpg 250w, https:\/\/mycielewo.pl\/wp-content\/uploads\/2022\/11\/image1-2-768x576.jpg 768w, https:\/\/mycielewo.pl\/wp-content\/uploads\/2022\/11\/image1-2.jpg 1200w\" sizes=\"auto, (max-width: 300px) 100vw, 300px\" \/><\/a><\/figure>\n\n\n\n<figure class=\"wp-block-image size-large\"><a href=\"https:\/\/mycielewo.pl\/?attachment_id=34027\"><img loading=\"lazy\" decoding=\"async\" width=\"300\" height=\"225\" data-id=\"34027\" src=\"https:\/\/mycielewo.pl\/wp-content\/uploads\/2022\/11\/image2-2-300x225.jpg\" alt=\"\" class=\"wp-image-34027\" srcset=\"https:\/\/mycielewo.pl\/wp-content\/uploads\/2022\/11\/image2-2-300x225.jpg 300w, https:\/\/mycielewo.pl\/wp-content\/uploads\/2022\/11\/image2-2-250x188.jpg 250w, https:\/\/mycielewo.pl\/wp-content\/uploads\/2022\/11\/image2-2-768x576.jpg 768w, https:\/\/mycielewo.pl\/wp-content\/uploads\/2022\/11\/image2-2.jpg 1200w\" sizes=\"auto, (max-width: 300px) 100vw, 300px\" \/><\/a><\/figure>\n\n\n\n<figure class=\"wp-block-image size-large\"><a href=\"https:\/\/mycielewo.pl\/?attachment_id=34028\"><img loading=\"lazy\" decoding=\"async\" width=\"300\" height=\"225\" data-id=\"34028\" src=\"https:\/\/mycielewo.pl\/wp-content\/uploads\/2022\/11\/image3-2-300x225.jpg\" alt=\"\" class=\"wp-image-34028\" srcset=\"https:\/\/mycielewo.pl\/wp-content\/uploads\/2022\/11\/image3-2-300x225.jpg 300w, https:\/\/mycielewo.pl\/wp-content\/uploads\/2022\/11\/image3-2-250x188.jpg 250w, https:\/\/mycielewo.pl\/wp-content\/uploads\/2022\/11\/image3-2-768x576.jpg 768w, https:\/\/mycielewo.pl\/wp-content\/uploads\/2022\/11\/image3-2.jpg 1200w\" sizes=\"auto, (max-width: 300px) 100vw, 300px\" \/><\/a><\/figure>\n\n\n\n<figure class=\"wp-block-image size-large\"><a href=\"https:\/\/mycielewo.pl\/?attachment_id=34030\"><img loading=\"lazy\" decoding=\"async\" width=\"300\" height=\"225\" data-id=\"34030\" src=\"https:\/\/mycielewo.pl\/wp-content\/uploads\/2022\/11\/image4-2-300x225.jpg\" alt=\"\" class=\"wp-image-34030\" srcset=\"https:\/\/mycielewo.pl\/wp-content\/uploads\/2022\/11\/image4-2-300x225.jpg 300w, https:\/\/mycielewo.pl\/wp-content\/uploads\/2022\/11\/image4-2-250x188.jpg 250w, https:\/\/mycielewo.pl\/wp-content\/uploads\/2022\/11\/image4-2-768x576.jpg 768w, https:\/\/mycielewo.pl\/wp-content\/uploads\/2022\/11\/image4-2.jpg 1200w\" sizes=\"auto, (max-width: 300px) 100vw, 300px\" \/><\/a><\/figure>\n\n\n\n<figure class=\"wp-block-image size-large\"><a href=\"https:\/\/mycielewo.pl\/?attachment_id=34029\"><img loading=\"lazy\" decoding=\"async\" width=\"300\" height=\"225\" data-id=\"34029\" src=\"https:\/\/mycielewo.pl\/wp-content\/uploads\/2022\/11\/image5-2-300x225.jpg\" alt=\"\" class=\"wp-image-34029\" srcset=\"https:\/\/mycielewo.pl\/wp-content\/uploads\/2022\/11\/image5-2-300x225.jpg 300w, https:\/\/mycielewo.pl\/wp-content\/uploads\/2022\/11\/image5-2-250x188.jpg 250w, https:\/\/mycielewo.pl\/wp-content\/uploads\/2022\/11\/image5-2-768x576.jpg 768w, https:\/\/mycielewo.pl\/wp-content\/uploads\/2022\/11\/image5-2.jpg 1200w\" sizes=\"auto, (max-width: 300px) 100vw, 300px\" \/><\/a><\/figure>\n\n\n\n<figure class=\"wp-block-image size-large\"><a href=\"https:\/\/mycielewo.pl\/?attachment_id=34026\"><img loading=\"lazy\" decoding=\"async\" width=\"300\" height=\"225\" data-id=\"34026\" src=\"https:\/\/mycielewo.pl\/wp-content\/uploads\/2022\/11\/image6-2-300x225.jpg\" alt=\"\" class=\"wp-image-34026\" srcset=\"https:\/\/mycielewo.pl\/wp-content\/uploads\/2022\/11\/image6-2-300x225.jpg 300w, https:\/\/mycielewo.pl\/wp-content\/uploads\/2022\/11\/image6-2-250x188.jpg 250w, https:\/\/mycielewo.pl\/wp-content\/uploads\/2022\/11\/image6-2-768x576.jpg 768w, https:\/\/mycielewo.pl\/wp-content\/uploads\/2022\/11\/image6-2.jpg 1200w\" sizes=\"auto, (max-width: 300px) 100vw, 300px\" \/><\/a><\/figure>\n<\/figure>\n","protected":false},"excerpt":{"rendered":"<p>W pi\u0105tek 18 listopada 2022 r.\u00a0odby\u0142 si\u0119 Dzie\u0144 Kapcia zorganizowany przez \u00a0Du\u017cy Samorz\u0105d Uczniowski. Uczniowie zamienili obuwie szkolne na kapcie lub skarpety. Dzi\u0119kujemy za udzia\u0142 w naszej zabawie. I. Chojnacka, M. Bernas<\/p>\n","protected":false},"author":1,"featured_media":0,"comment_status":"open","ping_status":"open","sticky":false,"template":"","format":"standard","meta":{"footnotes":""},"categories":[1],"tags":[],"class_list":["post-34024","post","type-post","status-publish","format-standard","hentry","category-bez-kategorii"],"_links":{"self":[{"href":"https:\/\/mycielewo.pl\/index.php?rest_route=\/wp\/v2\/posts\/34024","targetHints":{"allow":["GET"]}}],"collection":[{"href":"https:\/\/mycielewo.pl\/index.php?rest_route=\/wp\/v2\/posts"}],"about":[{"href":"https:\/\/mycielewo.pl\/index.php?rest_route=\/wp\/v2\/types\/post"}],"author":[{"embeddable":true,"href":"https:\/\/mycielewo.pl\/index.php?rest_route=\/wp\/v2\/users\/1"}],"replies":[{"embeddable":true,"href":"https:\/\/mycielewo.pl\/index.php?rest_route=%2Fwp%2Fv2%2Fcomments&post=34024"}],"version-history":[{"count":1,"href":"https:\/\/mycielewo.pl\/index.php?rest_route=\/wp\/v2\/posts\/34024\/revisions"}],"predecessor-version":[{"id":34031,"href":"https:\/\/mycielewo.pl\/index.php?rest_route=\/wp\/v2\/posts\/34024\/revisions\/34031"}],"wp:attachment":[{"href":"https:\/\/mycielewo.pl\/index.php?rest_route=%2Fwp%2Fv2%2Fmedia&parent=34024"}],"wp:term":[{"taxonomy":"category","embeddable":true,"href":"https:\/\/mycielewo.pl\/index.php?rest_route=%2Fwp%2Fv2%2Fcategories&post=34024"},{"taxonomy":"post_tag","embeddable":true,"href":"https:\/\/mycielewo.pl\/index.php?rest_route=%2Fwp%2Fv2%2Ftags&post=34024"}],"curies":[{"name":"wp","href":"https:\/\/api.w.org\/{rel}","templated":true}]}}