{"id":32750,"date":"2022-06-29T08:48:57","date_gmt":"2022-06-29T08:48:57","guid":{"rendered":"http:\/\/www.mycielewo.pl\/?p=32750"},"modified":"2022-06-29T08:55:08","modified_gmt":"2022-06-29T08:55:08","slug":"gminny-konkurs-udzielania-pierwszej-pomocy-%ef%bf%bc","status":"publish","type":"post","link":"https:\/\/mycielewo.pl\/?p=32750","title":{"rendered":"Gminny Konkurs Udzielania Pierwszej Pomocy"},"content":{"rendered":"\n<p><strong>Klub MLUKS ORLIK Kcynia oraz&nbsp;Szko\u0142a Podstawowa w Dobieszewie zorganizowa\u0142y&nbsp;kolejny Gminny Konkurs Udzielania Pierwszej Pomocy Przedmedycznej.&nbsp;<\/strong><\/p>\n\n\n\n<p>Startuj\u0105ce dru\u017cyny zmaga\u0142y si\u0119 z testem wiedzy oraz czynno\u015bciami praktycznymi.&nbsp;<\/p>\n\n\n\n<p>Nasza dru\u017cyna wywalczy\u0142a 1 miejsce w klasyfikacji szk\u00f3\u0142. Indywidualnie 1 miejsce zaj\u0119\u0142a <strong>Zuzanna Pazderska<\/strong>, natomiast 2 miejsce wywalczy\u0142a <strong>Agata Jurek<\/strong>. Dziewczyny otrzyma\u0142y cenne nagrody rzeczowej, a dla szko\u0142y przypad\u0142 voucher na 10 h szkolenia doskonal\u0105cego umiej\u0119tno\u015bci udzielania pierwszej pomocy.&nbsp;<\/p>\n\n\n\n<p>Gratulujemy i dzi\u0119kujemy za ch\u0119ci do pracy oraz zaanga\u017cowanie.&nbsp;<\/p>\n\n\n\n<p class=\"has-text-align-right\"><em>Andrzej Kulczy\u0144ski<\/em><\/p>\n\n\n\n<figure class=\"wp-block-gallery has-nested-images columns-5 is-cropped wp-block-gallery-2 is-layout-flex wp-block-gallery-is-layout-flex\">\n<figure class=\"wp-block-image size-large\"><a href=\"https:\/\/mycielewo.pl\/?attachment_id=32754\"><img loading=\"lazy\" decoding=\"async\" width=\"300\" height=\"225\" data-id=\"32754\" src=\"https:\/\/mycielewo.pl\/wp-content\/uploads\/2022\/06\/image1-13-300x225.jpg\" alt=\"\" class=\"wp-image-32754\" srcset=\"https:\/\/mycielewo.pl\/wp-content\/uploads\/2022\/06\/image1-13-300x225.jpg 300w, https:\/\/mycielewo.pl\/wp-content\/uploads\/2022\/06\/image1-13-250x188.jpg 250w, https:\/\/mycielewo.pl\/wp-content\/uploads\/2022\/06\/image1-13-768x576.jpg 768w, https:\/\/mycielewo.pl\/wp-content\/uploads\/2022\/06\/image1-13.jpg 900w\" sizes=\"auto, (max-width: 300px) 100vw, 300px\" \/><\/a><\/figure>\n\n\n\n<figure class=\"wp-block-image size-large\"><a href=\"https:\/\/mycielewo.pl\/?attachment_id=32755\"><img loading=\"lazy\" decoding=\"async\" width=\"300\" height=\"225\" data-id=\"32755\" src=\"https:\/\/mycielewo.pl\/wp-content\/uploads\/2022\/06\/image2-13-300x225.jpg\" alt=\"\" class=\"wp-image-32755\" srcset=\"https:\/\/mycielewo.pl\/wp-content\/uploads\/2022\/06\/image2-13-300x225.jpg 300w, https:\/\/mycielewo.pl\/wp-content\/uploads\/2022\/06\/image2-13-250x188.jpg 250w, https:\/\/mycielewo.pl\/wp-content\/uploads\/2022\/06\/image2-13-768x576.jpg 768w, https:\/\/mycielewo.pl\/wp-content\/uploads\/2022\/06\/image2-13.jpg 900w\" sizes=\"auto, (max-width: 300px) 100vw, 300px\" \/><\/a><\/figure>\n\n\n\n<figure class=\"wp-block-image size-large\"><a href=\"https:\/\/mycielewo.pl\/?attachment_id=32757\"><img loading=\"lazy\" decoding=\"async\" width=\"300\" height=\"225\" data-id=\"32757\" src=\"https:\/\/mycielewo.pl\/wp-content\/uploads\/2022\/06\/image3-12-300x225.jpg\" alt=\"\" class=\"wp-image-32757\" srcset=\"https:\/\/mycielewo.pl\/wp-content\/uploads\/2022\/06\/image3-12-300x225.jpg 300w, https:\/\/mycielewo.pl\/wp-content\/uploads\/2022\/06\/image3-12-250x188.jpg 250w, https:\/\/mycielewo.pl\/wp-content\/uploads\/2022\/06\/image3-12-768x576.jpg 768w, https:\/\/mycielewo.pl\/wp-content\/uploads\/2022\/06\/image3-12.jpg 900w\" sizes=\"auto, (max-width: 300px) 100vw, 300px\" \/><\/a><\/figure>\n\n\n\n<figure class=\"wp-block-image size-large\"><a href=\"https:\/\/mycielewo.pl\/?attachment_id=32752\"><img loading=\"lazy\" decoding=\"async\" width=\"225\" height=\"300\" data-id=\"32752\" src=\"https:\/\/mycielewo.pl\/wp-content\/uploads\/2022\/06\/image4-10-225x300.jpg\" alt=\"\" class=\"wp-image-32752\" srcset=\"https:\/\/mycielewo.pl\/wp-content\/uploads\/2022\/06\/image4-10-225x300.jpg 225w, https:\/\/mycielewo.pl\/wp-content\/uploads\/2022\/06\/image4-10-188x250.jpg 188w, https:\/\/mycielewo.pl\/wp-content\/uploads\/2022\/06\/image4-10.jpg 525w\" sizes=\"auto, (max-width: 225px) 100vw, 225px\" \/><\/a><\/figure>\n\n\n\n<figure class=\"wp-block-image size-large\"><a href=\"https:\/\/mycielewo.pl\/?attachment_id=32753\"><img loading=\"lazy\" decoding=\"async\" width=\"225\" height=\"300\" data-id=\"32753\" src=\"https:\/\/mycielewo.pl\/wp-content\/uploads\/2022\/06\/image5-8-225x300.jpg\" alt=\"\" class=\"wp-image-32753\" srcset=\"https:\/\/mycielewo.pl\/wp-content\/uploads\/2022\/06\/image5-8-225x300.jpg 225w, https:\/\/mycielewo.pl\/wp-content\/uploads\/2022\/06\/image5-8-188x250.jpg 188w, https:\/\/mycielewo.pl\/wp-content\/uploads\/2022\/06\/image5-8.jpg 525w\" sizes=\"auto, (max-width: 225px) 100vw, 225px\" \/><\/a><\/figure>\n\n\n\n<figure class=\"wp-block-image size-large\"><a href=\"https:\/\/mycielewo.pl\/?attachment_id=32756\"><img loading=\"lazy\" decoding=\"async\" width=\"300\" height=\"225\" data-id=\"32756\" src=\"https:\/\/mycielewo.pl\/wp-content\/uploads\/2022\/06\/image6-7-300x225.jpg\" alt=\"\" class=\"wp-image-32756\" srcset=\"https:\/\/mycielewo.pl\/wp-content\/uploads\/2022\/06\/image6-7-300x225.jpg 300w, https:\/\/mycielewo.pl\/wp-content\/uploads\/2022\/06\/image6-7-250x188.jpg 250w, https:\/\/mycielewo.pl\/wp-content\/uploads\/2022\/06\/image6-7-768x576.jpg 768w, https:\/\/mycielewo.pl\/wp-content\/uploads\/2022\/06\/image6-7.jpg 900w\" sizes=\"auto, (max-width: 300px) 100vw, 300px\" \/><\/a><\/figure>\n\n\n\n<figure class=\"wp-block-image size-large\"><a href=\"https:\/\/mycielewo.pl\/?attachment_id=32758\"><img loading=\"lazy\" decoding=\"async\" width=\"300\" height=\"225\" data-id=\"32758\" src=\"https:\/\/mycielewo.pl\/wp-content\/uploads\/2022\/06\/image7-7-300x225.jpg\" alt=\"\" class=\"wp-image-32758\" srcset=\"https:\/\/mycielewo.pl\/wp-content\/uploads\/2022\/06\/image7-7-300x225.jpg 300w, https:\/\/mycielewo.pl\/wp-content\/uploads\/2022\/06\/image7-7-250x188.jpg 250w, https:\/\/mycielewo.pl\/wp-content\/uploads\/2022\/06\/image7-7-768x576.jpg 768w, https:\/\/mycielewo.pl\/wp-content\/uploads\/2022\/06\/image7-7.jpg 900w\" sizes=\"auto, (max-width: 300px) 100vw, 300px\" \/><\/a><\/figure>\n\n\n\n<figure class=\"wp-block-image size-large\"><a href=\"https:\/\/mycielewo.pl\/?attachment_id=32762\"><img loading=\"lazy\" decoding=\"async\" width=\"300\" height=\"225\" data-id=\"32762\" src=\"https:\/\/mycielewo.pl\/wp-content\/uploads\/2022\/06\/image1-14-300x225.jpg\" alt=\"\" class=\"wp-image-32762\" srcset=\"https:\/\/mycielewo.pl\/wp-content\/uploads\/2022\/06\/image1-14-300x225.jpg 300w, https:\/\/mycielewo.pl\/wp-content\/uploads\/2022\/06\/image1-14-250x188.jpg 250w, https:\/\/mycielewo.pl\/wp-content\/uploads\/2022\/06\/image1-14-768x576.jpg 768w, https:\/\/mycielewo.pl\/wp-content\/uploads\/2022\/06\/image1-14.jpg 900w\" sizes=\"auto, (max-width: 300px) 100vw, 300px\" \/><\/a><\/figure>\n\n\n\n<figure class=\"wp-block-image size-large\"><a href=\"https:\/\/mycielewo.pl\/?attachment_id=32763\"><img loading=\"lazy\" decoding=\"async\" width=\"300\" height=\"225\" data-id=\"32763\" src=\"https:\/\/mycielewo.pl\/wp-content\/uploads\/2022\/06\/image2-14-300x225.jpg\" alt=\"\" class=\"wp-image-32763\" srcset=\"https:\/\/mycielewo.pl\/wp-content\/uploads\/2022\/06\/image2-14-300x225.jpg 300w, https:\/\/mycielewo.pl\/wp-content\/uploads\/2022\/06\/image2-14-250x188.jpg 250w, https:\/\/mycielewo.pl\/wp-content\/uploads\/2022\/06\/image2-14-768x576.jpg 768w, https:\/\/mycielewo.pl\/wp-content\/uploads\/2022\/06\/image2-14.jpg 900w\" sizes=\"auto, (max-width: 300px) 100vw, 300px\" \/><\/a><\/figure>\n<\/figure>\n","protected":false},"excerpt":{"rendered":"<p>Klub MLUKS ORLIK Kcynia oraz&nbsp;Szko\u0142a Podstawowa w Dobieszewie zorganizowa\u0142y&nbsp;kolejny Gminny Konkurs Udzielania Pierwszej Pomocy Przedmedycznej.&nbsp; Startuj\u0105ce dru\u017cyny zmaga\u0142y si\u0119 z testem wiedzy oraz czynno\u015bciami praktycznymi.&nbsp; Nasza dru\u017cyna wywalczy\u0142a 1 miejsce w klasyfikacji szk\u00f3\u0142. Indywidualnie 1 miejsce zaj\u0119\u0142a Zuzanna Pazderska, natomiast 2 miejsce wywalczy\u0142a Agata Jurek. Dziewczyny otrzyma\u0142y cenne nagrody rzeczowej, a dla szko\u0142y przypad\u0142 voucher&hellip; <a class=\"continue\" href=\"https:\/\/mycielewo.pl\/?p=32750\">Kontynuuj czytanie<span> Gminny Konkurs Udzielania Pierwszej Pomocy<\/span><\/a><\/p>\n","protected":false},"author":1,"featured_media":0,"comment_status":"open","ping_status":"open","sticky":false,"template":"","format":"standard","meta":{"footnotes":""},"categories":[1],"tags":[],"class_list":["post-32750","post","type-post","status-publish","format-standard","hentry","category-bez-kategorii"],"_links":{"self":[{"href":"https:\/\/mycielewo.pl\/index.php?rest_route=\/wp\/v2\/posts\/32750","targetHints":{"allow":["GET"]}}],"collection":[{"href":"https:\/\/mycielewo.pl\/index.php?rest_route=\/wp\/v2\/posts"}],"about":[{"href":"https:\/\/mycielewo.pl\/index.php?rest_route=\/wp\/v2\/types\/post"}],"author":[{"embeddable":true,"href":"https:\/\/mycielewo.pl\/index.php?rest_route=\/wp\/v2\/users\/1"}],"replies":[{"embeddable":true,"href":"https:\/\/mycielewo.pl\/index.php?rest_route=%2Fwp%2Fv2%2Fcomments&post=32750"}],"version-history":[{"count":4,"href":"https:\/\/mycielewo.pl\/index.php?rest_route=\/wp\/v2\/posts\/32750\/revisions"}],"predecessor-version":[{"id":32764,"href":"https:\/\/mycielewo.pl\/index.php?rest_route=\/wp\/v2\/posts\/32750\/revisions\/32764"}],"wp:attachment":[{"href":"https:\/\/mycielewo.pl\/index.php?rest_route=%2Fwp%2Fv2%2Fmedia&parent=32750"}],"wp:term":[{"taxonomy":"category","embeddable":true,"href":"https:\/\/mycielewo.pl\/index.php?rest_route=%2Fwp%2Fv2%2Fcategories&post=32750"},{"taxonomy":"post_tag","embeddable":true,"href":"https:\/\/mycielewo.pl\/index.php?rest_route=%2Fwp%2Fv2%2Ftags&post=32750"}],"curies":[{"name":"wp","href":"https:\/\/api.w.org\/{rel}","templated":true}]}}