{"id":32743,"date":"2022-06-22T08:42:00","date_gmt":"2022-06-22T08:42:00","guid":{"rendered":"http:\/\/www.mycielewo.pl\/?p=32743"},"modified":"2022-06-29T08:46:34","modified_gmt":"2022-06-29T08:46:34","slug":"zycie-bez-nalogu","status":"publish","type":"post","link":"https:\/\/mycielewo.pl\/?p=32743","title":{"rendered":"\u017bycie bez na\u0142ogu"},"content":{"rendered":"\n<p><strong>W czerwcu uczniowie naszej szko\u0142y wzi\u0119li udzia\u0142 w plastycznym Powiatowym Konkursie Profilaktycznym pt.: ,,\u017bycie bez na\u0142ogu&#8221; organizowanym przez Powiatow\u0105 Stacj\u0119 Sanitarno-Epidemiologiczn\u0105 w Nakle nad Noteci\u0105. Celem konkursu jest aktywna promocja i edukacja w zakresie profilaktyki uzale\u017cnie\u0144 w\u015br\u00f3d m\u0142odzie\u017cy. <\/strong><\/p>\n\n\n\n<p>Dodatkowo promowanie dzia\u0142a\u0144 maj\u0105cych wp\u0142yw na kszta\u0142towanie nawyk\u00f3w prozdrowotnych w\u015br\u00f3d m\u0142odzie\u017cy oraz wzmocnienie zaanga\u017cowania dzieci w rozwijaniu w\u0142asnej kreatywno\u015bci. W przeddzie\u0144 zako\u0144czenia roku szkolnego otrzymali\u015bmy radosn\u0105 wiadomo\u015b\u0107. Ot\u00f3\u017c nasze uczennice zosta\u0142y wyr\u00f3\u017cnione w konkursie.\u00a0 <strong>Natalia Tworek\u00a0<\/strong> kl. VI kt\u00f3ra zaj\u0119\u0142a II miejsce oraz <strong>Amelia Rzepa<\/strong>, kt\u00f3ra zdoby\u0142a III miejsce. Serdecznie gratulujemy i \u017cyczymy kolejnych sukces\u00f3w.<\/p>\n\n\n\n<p class=\"has-text-align-right\"><em>Ma\u0142gorzata Kwiatkowska<\/em><\/p>\n\n\n\n<figure class=\"wp-block-gallery has-nested-images columns-default is-cropped wp-block-gallery-2 is-layout-flex wp-block-gallery-is-layout-flex\">\n<figure class=\"wp-block-image size-large\"><a href=\"https:\/\/mycielewo.pl\/?attachment_id=32746\"><img loading=\"lazy\" decoding=\"async\" width=\"225\" height=\"300\" data-id=\"32746\" src=\"https:\/\/mycielewo.pl\/wp-content\/uploads\/2022\/06\/image1-12-225x300.jpg\" alt=\"\" class=\"wp-image-32746\" srcset=\"https:\/\/mycielewo.pl\/wp-content\/uploads\/2022\/06\/image1-12-225x300.jpg 225w, https:\/\/mycielewo.pl\/wp-content\/uploads\/2022\/06\/image1-12-187x250.jpg 187w, https:\/\/mycielewo.pl\/wp-content\/uploads\/2022\/06\/image1-12.jpg 524w\" sizes=\"auto, (max-width: 225px) 100vw, 225px\" \/><\/a><\/figure>\n\n\n\n<figure class=\"wp-block-image size-large\"><a href=\"https:\/\/mycielewo.pl\/?attachment_id=32747\"><img loading=\"lazy\" decoding=\"async\" width=\"225\" height=\"300\" data-id=\"32747\" src=\"https:\/\/mycielewo.pl\/wp-content\/uploads\/2022\/06\/image2-12-225x300.jpg\" alt=\"\" class=\"wp-image-32747\" srcset=\"https:\/\/mycielewo.pl\/wp-content\/uploads\/2022\/06\/image2-12-225x300.jpg 225w, https:\/\/mycielewo.pl\/wp-content\/uploads\/2022\/06\/image2-12-187x250.jpg 187w, https:\/\/mycielewo.pl\/wp-content\/uploads\/2022\/06\/image2-12.jpg 524w\" sizes=\"auto, (max-width: 225px) 100vw, 225px\" \/><\/a><\/figure>\n\n\n\n<figure class=\"wp-block-image size-large\"><a href=\"https:\/\/mycielewo.pl\/?attachment_id=32745\"><img loading=\"lazy\" decoding=\"async\" width=\"225\" height=\"300\" data-id=\"32745\" src=\"https:\/\/mycielewo.pl\/wp-content\/uploads\/2022\/06\/image3-11-225x300.jpg\" alt=\"\" class=\"wp-image-32745\" srcset=\"https:\/\/mycielewo.pl\/wp-content\/uploads\/2022\/06\/image3-11-225x300.jpg 225w, https:\/\/mycielewo.pl\/wp-content\/uploads\/2022\/06\/image3-11-187x250.jpg 187w, https:\/\/mycielewo.pl\/wp-content\/uploads\/2022\/06\/image3-11.jpg 524w\" sizes=\"auto, (max-width: 225px) 100vw, 225px\" \/><\/a><\/figure>\n<\/figure>\n","protected":false},"excerpt":{"rendered":"<p>W czerwcu uczniowie naszej szko\u0142y wzi\u0119li udzia\u0142 w plastycznym Powiatowym Konkursie Profilaktycznym pt.: ,,\u017bycie bez na\u0142ogu&#8221; organizowanym przez Powiatow\u0105 Stacj\u0119 Sanitarno-Epidemiologiczn\u0105 w Nakle nad Noteci\u0105. Celem konkursu jest aktywna promocja i edukacja w zakresie profilaktyki uzale\u017cnie\u0144 w\u015br\u00f3d m\u0142odzie\u017cy. Dodatkowo promowanie dzia\u0142a\u0144 maj\u0105cych wp\u0142yw na kszta\u0142towanie nawyk\u00f3w prozdrowotnych w\u015br\u00f3d m\u0142odzie\u017cy oraz wzmocnienie zaanga\u017cowania dzieci w rozwijaniu&hellip; <a class=\"continue\" href=\"https:\/\/mycielewo.pl\/?p=32743\">Kontynuuj czytanie<span> \u017bycie bez na\u0142ogu<\/span><\/a><\/p>\n","protected":false},"author":1,"featured_media":0,"comment_status":"open","ping_status":"open","sticky":false,"template":"","format":"standard","meta":{"footnotes":""},"categories":[1],"tags":[],"class_list":["post-32743","post","type-post","status-publish","format-standard","hentry","category-bez-kategorii"],"_links":{"self":[{"href":"https:\/\/mycielewo.pl\/index.php?rest_route=\/wp\/v2\/posts\/32743","targetHints":{"allow":["GET"]}}],"collection":[{"href":"https:\/\/mycielewo.pl\/index.php?rest_route=\/wp\/v2\/posts"}],"about":[{"href":"https:\/\/mycielewo.pl\/index.php?rest_route=\/wp\/v2\/types\/post"}],"author":[{"embeddable":true,"href":"https:\/\/mycielewo.pl\/index.php?rest_route=\/wp\/v2\/users\/1"}],"replies":[{"embeddable":true,"href":"https:\/\/mycielewo.pl\/index.php?rest_route=%2Fwp%2Fv2%2Fcomments&post=32743"}],"version-history":[{"count":3,"href":"https:\/\/mycielewo.pl\/index.php?rest_route=\/wp\/v2\/posts\/32743\/revisions"}],"predecessor-version":[{"id":32749,"href":"https:\/\/mycielewo.pl\/index.php?rest_route=\/wp\/v2\/posts\/32743\/revisions\/32749"}],"wp:attachment":[{"href":"https:\/\/mycielewo.pl\/index.php?rest_route=%2Fwp%2Fv2%2Fmedia&parent=32743"}],"wp:term":[{"taxonomy":"category","embeddable":true,"href":"https:\/\/mycielewo.pl\/index.php?rest_route=%2Fwp%2Fv2%2Fcategories&post=32743"},{"taxonomy":"post_tag","embeddable":true,"href":"https:\/\/mycielewo.pl\/index.php?rest_route=%2Fwp%2Fv2%2Ftags&post=32743"}],"curies":[{"name":"wp","href":"https:\/\/api.w.org\/{rel}","templated":true}]}}