{"id":32655,"date":"2022-06-23T12:43:00","date_gmt":"2022-06-23T12:43:00","guid":{"rendered":"http:\/\/www.mycielewo.pl\/?p=32655"},"modified":"2022-06-27T12:44:51","modified_gmt":"2022-06-27T12:44:51","slug":"czytali-przedszkolakom-bajki","status":"publish","type":"post","link":"https:\/\/mycielewo.pl\/?p=32655","title":{"rendered":"Czytali przedszkolakom bajki"},"content":{"rendered":"\n<p>W drugim semestrze br. cz\u0142onkowie Samorz\u0105du Uczniowskiego kilkakrotnie czytali przedszkolakom bajki. Celem akcji by\u0142a integracja starszych uczni\u00f3w szko\u0142y podstawowej<br>z&nbsp; \u201eMaluchami\u201d, propagowanie czytelnictwa, a tak\u017ce urozmaicenie zaj\u0119\u0107 najm\u0142odszym.&nbsp; Dzieci z du\u017cym zainteresowaniem s\u0142ucha\u0142y czytanych bajek. Dla przedstawicieli samorz\u0105du by\u0142o to tak\u017ce ciekawe do\u015bwiadczenie.<\/p>\n\n\n\n<p class=\"has-text-align-right\"><em>J. Kozerewicz<\/em><\/p>\n\n\n\n<figure class=\"wp-block-gallery has-nested-images columns-4 is-cropped wp-block-gallery-2 is-layout-flex wp-block-gallery-is-layout-flex\">\n<figure class=\"wp-block-image size-large\"><a href=\"https:\/\/mycielewo.pl\/?attachment_id=32658\"><img loading=\"lazy\" decoding=\"async\" width=\"300\" height=\"225\" data-id=\"32658\" src=\"https:\/\/mycielewo.pl\/wp-content\/uploads\/2022\/06\/image1-9-300x225.jpg\" alt=\"\" class=\"wp-image-32658\" srcset=\"https:\/\/mycielewo.pl\/wp-content\/uploads\/2022\/06\/image1-9-300x225.jpg 300w, https:\/\/mycielewo.pl\/wp-content\/uploads\/2022\/06\/image1-9-250x188.jpg 250w, https:\/\/mycielewo.pl\/wp-content\/uploads\/2022\/06\/image1-9-768x576.jpg 768w, https:\/\/mycielewo.pl\/wp-content\/uploads\/2022\/06\/image1-9.jpg 900w\" sizes=\"auto, (max-width: 300px) 100vw, 300px\" \/><\/a><\/figure>\n\n\n\n<figure class=\"wp-block-image size-large\"><a href=\"https:\/\/mycielewo.pl\/?attachment_id=32656\"><img loading=\"lazy\" decoding=\"async\" width=\"225\" height=\"300\" data-id=\"32656\" src=\"https:\/\/mycielewo.pl\/wp-content\/uploads\/2022\/06\/image2-9-225x300.jpg\" alt=\"\" class=\"wp-image-32656\" srcset=\"https:\/\/mycielewo.pl\/wp-content\/uploads\/2022\/06\/image2-9-225x300.jpg 225w, https:\/\/mycielewo.pl\/wp-content\/uploads\/2022\/06\/image2-9-188x250.jpg 188w, https:\/\/mycielewo.pl\/wp-content\/uploads\/2022\/06\/image2-9.jpg 525w\" sizes=\"auto, (max-width: 225px) 100vw, 225px\" \/><\/a><\/figure>\n\n\n\n<figure class=\"wp-block-image size-large\"><a href=\"https:\/\/mycielewo.pl\/?attachment_id=32657\"><img loading=\"lazy\" decoding=\"async\" width=\"225\" height=\"300\" data-id=\"32657\" src=\"https:\/\/mycielewo.pl\/wp-content\/uploads\/2022\/06\/image3-8-225x300.jpg\" alt=\"\" class=\"wp-image-32657\" srcset=\"https:\/\/mycielewo.pl\/wp-content\/uploads\/2022\/06\/image3-8-225x300.jpg 225w, https:\/\/mycielewo.pl\/wp-content\/uploads\/2022\/06\/image3-8-188x250.jpg 188w, https:\/\/mycielewo.pl\/wp-content\/uploads\/2022\/06\/image3-8.jpg 525w\" sizes=\"auto, (max-width: 225px) 100vw, 225px\" \/><\/a><\/figure>\n\n\n\n<figure class=\"wp-block-image size-large\"><a href=\"https:\/\/mycielewo.pl\/?attachment_id=32659\"><img loading=\"lazy\" decoding=\"async\" width=\"300\" height=\"225\" data-id=\"32659\" src=\"https:\/\/mycielewo.pl\/wp-content\/uploads\/2022\/06\/image4-7-300x225.jpg\" alt=\"\" class=\"wp-image-32659\" srcset=\"https:\/\/mycielewo.pl\/wp-content\/uploads\/2022\/06\/image4-7-300x225.jpg 300w, https:\/\/mycielewo.pl\/wp-content\/uploads\/2022\/06\/image4-7-250x188.jpg 250w, https:\/\/mycielewo.pl\/wp-content\/uploads\/2022\/06\/image4-7-768x576.jpg 768w, https:\/\/mycielewo.pl\/wp-content\/uploads\/2022\/06\/image4-7.jpg 900w\" sizes=\"auto, (max-width: 300px) 100vw, 300px\" \/><\/a><\/figure>\n<\/figure>\n","protected":false},"excerpt":{"rendered":"<p>W drugim semestrze br. cz\u0142onkowie Samorz\u0105du Uczniowskiego kilkakrotnie czytali przedszkolakom bajki. Celem akcji by\u0142a integracja starszych uczni\u00f3w szko\u0142y podstawowejz&nbsp; \u201eMaluchami\u201d, propagowanie czytelnictwa, a tak\u017ce urozmaicenie zaj\u0119\u0107 najm\u0142odszym.&nbsp; Dzieci z du\u017cym zainteresowaniem s\u0142ucha\u0142y czytanych bajek. Dla przedstawicieli samorz\u0105du by\u0142o to tak\u017ce ciekawe do\u015bwiadczenie. J. Kozerewicz<\/p>\n","protected":false},"author":1,"featured_media":0,"comment_status":"open","ping_status":"open","sticky":false,"template":"","format":"standard","meta":{"footnotes":""},"categories":[1],"tags":[],"class_list":["post-32655","post","type-post","status-publish","format-standard","hentry","category-bez-kategorii"],"_links":{"self":[{"href":"https:\/\/mycielewo.pl\/index.php?rest_route=\/wp\/v2\/posts\/32655","targetHints":{"allow":["GET"]}}],"collection":[{"href":"https:\/\/mycielewo.pl\/index.php?rest_route=\/wp\/v2\/posts"}],"about":[{"href":"https:\/\/mycielewo.pl\/index.php?rest_route=\/wp\/v2\/types\/post"}],"author":[{"embeddable":true,"href":"https:\/\/mycielewo.pl\/index.php?rest_route=\/wp\/v2\/users\/1"}],"replies":[{"embeddable":true,"href":"https:\/\/mycielewo.pl\/index.php?rest_route=%2Fwp%2Fv2%2Fcomments&post=32655"}],"version-history":[{"count":1,"href":"https:\/\/mycielewo.pl\/index.php?rest_route=\/wp\/v2\/posts\/32655\/revisions"}],"predecessor-version":[{"id":32660,"href":"https:\/\/mycielewo.pl\/index.php?rest_route=\/wp\/v2\/posts\/32655\/revisions\/32660"}],"wp:attachment":[{"href":"https:\/\/mycielewo.pl\/index.php?rest_route=%2Fwp%2Fv2%2Fmedia&parent=32655"}],"wp:term":[{"taxonomy":"category","embeddable":true,"href":"https:\/\/mycielewo.pl\/index.php?rest_route=%2Fwp%2Fv2%2Fcategories&post=32655"},{"taxonomy":"post_tag","embeddable":true,"href":"https:\/\/mycielewo.pl\/index.php?rest_route=%2Fwp%2Fv2%2Ftags&post=32655"}],"curies":[{"name":"wp","href":"https:\/\/api.w.org\/{rel}","templated":true}]}}