{"id":32642,"date":"2022-06-27T12:33:54","date_gmt":"2022-06-27T12:33:54","guid":{"rendered":"http:\/\/www.mycielewo.pl\/?p=32642"},"modified":"2022-06-27T12:35:19","modified_gmt":"2022-06-27T12:35:19","slug":"przedszkolaki-konczyli-rok-szkolny","status":"publish","type":"post","link":"https:\/\/mycielewo.pl\/?p=32642","title":{"rendered":"Najm\u0142odsi ko\u0144czyli rok szkolny"},"content":{"rendered":"\n<figure class=\"wp-block-gallery has-nested-images columns-5 is-cropped wp-block-gallery-2 is-layout-flex wp-block-gallery-is-layout-flex\">\n<figure class=\"wp-block-image size-large\"><a href=\"https:\/\/mycielewo.pl\/?attachment_id=32646\"><img loading=\"lazy\" decoding=\"async\" width=\"300\" height=\"226\" data-id=\"32646\" src=\"https:\/\/mycielewo.pl\/wp-content\/uploads\/2022\/06\/image1-8-300x226.jpg\" alt=\"\" class=\"wp-image-32646\" srcset=\"https:\/\/mycielewo.pl\/wp-content\/uploads\/2022\/06\/image1-8-300x226.jpg 300w, https:\/\/mycielewo.pl\/wp-content\/uploads\/2022\/06\/image1-8-250x188.jpg 250w, https:\/\/mycielewo.pl\/wp-content\/uploads\/2022\/06\/image1-8-768x579.jpg 768w, https:\/\/mycielewo.pl\/wp-content\/uploads\/2022\/06\/image1-8.jpg 900w\" sizes=\"auto, (max-width: 300px) 100vw, 300px\" \/><\/a><\/figure>\n\n\n\n<figure class=\"wp-block-image size-large\"><a href=\"https:\/\/mycielewo.pl\/?attachment_id=32647\"><img loading=\"lazy\" decoding=\"async\" width=\"300\" height=\"226\" data-id=\"32647\" src=\"https:\/\/mycielewo.pl\/wp-content\/uploads\/2022\/06\/image2-8-300x226.jpg\" alt=\"\" class=\"wp-image-32647\" srcset=\"https:\/\/mycielewo.pl\/wp-content\/uploads\/2022\/06\/image2-8-300x226.jpg 300w, https:\/\/mycielewo.pl\/wp-content\/uploads\/2022\/06\/image2-8-250x188.jpg 250w, https:\/\/mycielewo.pl\/wp-content\/uploads\/2022\/06\/image2-8-768x579.jpg 768w, https:\/\/mycielewo.pl\/wp-content\/uploads\/2022\/06\/image2-8.jpg 900w\" sizes=\"auto, (max-width: 300px) 100vw, 300px\" \/><\/a><\/figure>\n\n\n\n<figure class=\"wp-block-image size-large\"><a href=\"https:\/\/mycielewo.pl\/?attachment_id=32645\"><img loading=\"lazy\" decoding=\"async\" width=\"300\" height=\"226\" data-id=\"32645\" src=\"https:\/\/mycielewo.pl\/wp-content\/uploads\/2022\/06\/image3-7-300x226.jpg\" alt=\"\" class=\"wp-image-32645\" srcset=\"https:\/\/mycielewo.pl\/wp-content\/uploads\/2022\/06\/image3-7-300x226.jpg 300w, https:\/\/mycielewo.pl\/wp-content\/uploads\/2022\/06\/image3-7-250x188.jpg 250w, https:\/\/mycielewo.pl\/wp-content\/uploads\/2022\/06\/image3-7-768x579.jpg 768w, https:\/\/mycielewo.pl\/wp-content\/uploads\/2022\/06\/image3-7.jpg 900w\" sizes=\"auto, (max-width: 300px) 100vw, 300px\" \/><\/a><\/figure>\n\n\n\n<figure class=\"wp-block-image size-large\"><a href=\"https:\/\/mycielewo.pl\/?attachment_id=32643\"><img loading=\"lazy\" decoding=\"async\" width=\"300\" height=\"226\" data-id=\"32643\" src=\"https:\/\/mycielewo.pl\/wp-content\/uploads\/2022\/06\/image4-6-300x226.jpg\" alt=\"\" class=\"wp-image-32643\" srcset=\"https:\/\/mycielewo.pl\/wp-content\/uploads\/2022\/06\/image4-6-300x226.jpg 300w, https:\/\/mycielewo.pl\/wp-content\/uploads\/2022\/06\/image4-6-250x188.jpg 250w, https:\/\/mycielewo.pl\/wp-content\/uploads\/2022\/06\/image4-6-768x579.jpg 768w, https:\/\/mycielewo.pl\/wp-content\/uploads\/2022\/06\/image4-6.jpg 900w\" sizes=\"auto, (max-width: 300px) 100vw, 300px\" \/><\/a><\/figure>\n\n\n\n<figure class=\"wp-block-image size-large\"><a href=\"https:\/\/mycielewo.pl\/?attachment_id=32644\"><img loading=\"lazy\" decoding=\"async\" width=\"300\" height=\"226\" data-id=\"32644\" src=\"https:\/\/mycielewo.pl\/wp-content\/uploads\/2022\/06\/image5-5-300x226.jpg\" alt=\"\" class=\"wp-image-32644\" srcset=\"https:\/\/mycielewo.pl\/wp-content\/uploads\/2022\/06\/image5-5-300x226.jpg 300w, https:\/\/mycielewo.pl\/wp-content\/uploads\/2022\/06\/image5-5-250x188.jpg 250w, https:\/\/mycielewo.pl\/wp-content\/uploads\/2022\/06\/image5-5-768x579.jpg 768w, https:\/\/mycielewo.pl\/wp-content\/uploads\/2022\/06\/image5-5.jpg 900w\" sizes=\"auto, (max-width: 300px) 100vw, 300px\" \/><\/a><\/figure>\n<figcaption class=\"blocks-gallery-caption\">Uroczysto\u015b\u0107 zako\u0144czenia roku szkolnego 2021\/2022 oddzia\u0142u przedszkolnego <br>grupy &#8222;Biedroneczki&#8221; i &#8222;Oa&#8221;. Materia\u0142: Agnieszka Chojnacka<\/figcaption><\/figure>\n","protected":false},"excerpt":{"rendered":"","protected":false},"author":1,"featured_media":0,"comment_status":"open","ping_status":"open","sticky":false,"template":"","format":"standard","meta":{"footnotes":""},"categories":[1],"tags":[],"class_list":["post-32642","post","type-post","status-publish","format-standard","hentry","category-bez-kategorii"],"_links":{"self":[{"href":"https:\/\/mycielewo.pl\/index.php?rest_route=\/wp\/v2\/posts\/32642","targetHints":{"allow":["GET"]}}],"collection":[{"href":"https:\/\/mycielewo.pl\/index.php?rest_route=\/wp\/v2\/posts"}],"about":[{"href":"https:\/\/mycielewo.pl\/index.php?rest_route=\/wp\/v2\/types\/post"}],"author":[{"embeddable":true,"href":"https:\/\/mycielewo.pl\/index.php?rest_route=\/wp\/v2\/users\/1"}],"replies":[{"embeddable":true,"href":"https:\/\/mycielewo.pl\/index.php?rest_route=%2Fwp%2Fv2%2Fcomments&post=32642"}],"version-history":[{"count":2,"href":"https:\/\/mycielewo.pl\/index.php?rest_route=\/wp\/v2\/posts\/32642\/revisions"}],"predecessor-version":[{"id":32649,"href":"https:\/\/mycielewo.pl\/index.php?rest_route=\/wp\/v2\/posts\/32642\/revisions\/32649"}],"wp:attachment":[{"href":"https:\/\/mycielewo.pl\/index.php?rest_route=%2Fwp%2Fv2%2Fmedia&parent=32642"}],"wp:term":[{"taxonomy":"category","embeddable":true,"href":"https:\/\/mycielewo.pl\/index.php?rest_route=%2Fwp%2Fv2%2Fcategories&post=32642"},{"taxonomy":"post_tag","embeddable":true,"href":"https:\/\/mycielewo.pl\/index.php?rest_route=%2Fwp%2Fv2%2Ftags&post=32642"}],"curies":[{"name":"wp","href":"https:\/\/api.w.org\/{rel}","templated":true}]}}