{"id":31886,"date":"2022-06-23T23:43:25","date_gmt":"2022-06-23T23:43:25","guid":{"rendered":"http:\/\/www.mycielewo.pl\/?p=31886"},"modified":"2022-06-27T12:40:05","modified_gmt":"2022-06-27T12:40:05","slug":"list-ministra-edukacji-i-nauki-na-zakonczenie-zajec-dydaktyczno-wychowawczych-w-roku-szkolnym-2021-2022","status":"publish","type":"post","link":"https:\/\/mycielewo.pl\/?p=31886","title":{"rendered":"List Ministra Edukacji i Nauki na zako\u0144czenie zaj\u0119\u0107 dydaktyczno-wychowawczych w roku szkolnym 2021\/2022"},"content":{"rendered":"\n<figure class=\"wp-block-table\"><table><tbody><tr><td>Warszawa, 22 czerwca 2022 r.&nbsp;<\/td><\/tr><\/tbody><\/table><\/figure>\n\n\n\n<p><em><strong>Szanowni Pa\u0144stwo Dyrektorzy,<\/strong><\/em><\/p>\n\n\n\n<p><em>Drodzy Nauczyciele i Uczniowie,<\/em><\/p>\n\n\n\n<p>rok szkolny 2021\/2022 by\u0142 czasem wielu wa\u017cnych i potrzebnych zmian w polskiej edukacji. Realizowali\u015bmy przedsi\u0119wzi\u0119cia ukierunkowane na wspieranie wszechstronnego rozwoju m\u0142odych ludzi, budowanie kompetencji przysz\u0142o\u015bci oraz uatrakcyjnienie procesu dydaktycznego, kt\u00f3ry powinien odpowiada\u0107 na wyzwania XXI wieku.<\/p>\n\n\n\n<p>Zainicjowali\u015bmy program \u201eLaboratoria Przysz\u0142o\u015bci\u201d. Na zakup nowoczesnego sprz\u0119tu multimedialnego, w tym drukarek 3D, mikrokontroler\u00f3w, robot\u00f3w czy sprz\u0119tu do nagra\u0144, przeznaczyli\u015bmy rekordow\u0105 sum\u0119 1 mld z\u0142. Wszystko po to, aby m\u0142odzi ludzie w ka\u017cdej szkole mogli prowadzi\u0107 ciekawe eksperymenty, uczy\u0107 si\u0119 pracy w grupie, rozwija\u0107 w\u0142asne talenty, a tak\u017ce zdobywa\u0107 nowe kompetencje i umiej\u0119tno\u015bci wa\u017cne na kolejnych etapach edukacji oraz pomocne w wyborze przysz\u0142ej \u015bcie\u017cki rozwoju zawodowego.<\/p>\n\n\n\n<p>Ju\u017c w pierwszych tygodniach roku szkolnego 2021\/2022 uczniowie i nauczyciele wyjechali na&nbsp;wycieczki szkolne dofinansowane z programu \u201ePoznaj Polsk\u0119\u201d. M\u0142odzi ludzie odwiedzali miejsca zwi\u0105zane z nasz\u0105 histori\u0105 i kultur\u0105 oraz najwi\u0119kszymi osi\u0105gni\u0119ciami nauki. Przedsi\u0119wzi\u0119cie cieszy\u0142o si\u0119 ogromnym zainteresowaniem spo\u0142eczno\u015bci szkolnych, dlatego podj\u0119li\u015bmy decyzj\u0119 o&nbsp;kontynuowaniu wsparcia finansowego i rozwoju programu. Uruchomili\u015bmy projekt \u201ePoznaj Polsk\u0119 na sportowo\u201d, kt\u00f3rego celem jest promocja aktywno\u015bci fizycznej i zach\u0119cenie uczni\u00f3w do&nbsp;uprawiania sportu.<\/p>\n\n\n\n<p>Chcemy, aby m\u0142odzi ludzie zdobywali wiedz\u0119 w ciekawy i atrakcyjny spos\u00f3b, poprzez samodzielne poszukiwanie i eksperymentowanie. S\u0142u\u017c\u0105 temu tak\u017ce Strefy Odkrywania, Wyobra\u017ani i Aktywno\u015bci, kt\u00f3re powstaj\u0105 w ca\u0142ej Polsce. Dzi\u0119ki tym ma\u0142ym centrom nauki uczniowie z mniejszych miast i&nbsp;miejscowo\u015bci mog\u0105 rozwija\u0107 swoj\u0105 kreatywno\u015b\u0107, poznawa\u0107 osi\u0105gni\u0119cia nauki oraz zjawiska otaczaj\u0105cego nas \u015bwiata blisko swojej szko\u0142y i miejsca zamieszkania.<\/p>\n\n\n\n<p>Aby przeciwdzia\u0142a\u0107 negatywnym skutkom kszta\u0142cenia na odleg\u0142o\u015b\u0107, w roku szkolnym 2021\/2022 kontynuowali\u015bmy programy wsparcia uczni\u00f3w po okresie pandemii, takie jak \u201eWF z AWF\u201d czy \u201eDobrze widzie\u0107\u201d. Przedsi\u0119wzi\u0119cia by\u0142y zwi\u0105zane zar\u00f3wno ze zdrowiem oraz kondycj\u0105 fizyczn\u0105 dzieci i m\u0142odzie\u017cy, wsparciem psychologiczno-pedagogicznym, jak r\u00f3wnie\u017c z pomoc\u0105 w&nbsp;opanowaniu i utrwaleniu materia\u0142u. Od marca w szko\u0142ach realizowane s\u0105 zaj\u0119cia specjalistyczne z zakresu pomocy psychologiczno-pedagogicznej w dodatkowym wymiarze godzin. Ciesz\u0119 si\u0119 r\u00f3wnie\u017c, \u017ce&nbsp;uda\u0142o si\u0119 wprowadzi\u0107 przepisy, kt\u00f3re pozwalaj\u0105 na zwi\u0119kszenie liczby specjalist\u00f3w oraz wsparcia finansowego na organizacj\u0119 pomocy psychologiczno-pedagogicznej.<\/p>\n\n\n\n<p>Ostatnie miesi\u0105ce obecnego roku szkolnego by\u0142y pod wieloma wzgl\u0119dami szczeg\u00f3lne. Agresja Rosji na Ukrain\u0119 sprawi\u0142a, \u017ce do polskich szk\u00f3\u0142 trafi\u0142y tysi\u0105ce dzieci zza naszej wschodniej granicy. Wprowadzili\u015bmy elastyczne przepisy, kt\u00f3re umo\u017cliwi\u0142y w\u0142\u0105czanie ukrai\u0144skich uczni\u00f3w do&nbsp;polskiego systemu edukacji. Ich adaptacja w nowym \u015brodowisku nie by\u0142aby jednak mo\u017cliwa bez ogromnej empatii, wra\u017cliwo\u015bci i ofiarno\u015bci ca\u0142ych spo\u0142eczno\u015bci szkolnych. M\u0142odzi ludzie, a tak\u017ce ich nauczyciele zdali egzamin z otwarto\u015bci i serdeczno\u015bci. Swoim ukrai\u0144skim kolegom i&nbsp;kole\u017cankom okazali wsparcie w momencie, w kt\u00f3rym najbardziej tego potrzebowali. Z ca\u0142ego serca za to dzi\u0119kuj\u0119!<\/p>\n\n\n\n<p>W przededniu wakacji \u017cycz\u0119 uczniom, nauczycielom i rodzicom dobrego odpoczynku. Mam nadziej\u0119, \u017ce dla m\u0142odych ludzi b\u0119dzie to czas pe\u0142en przyg\u00f3d, odkrywania nowych miejsc i&nbsp;realizowania pasji. Gratuluj\u0119 sukces\u00f3w edukacyjnych i wychowawczych. Jestem przekonany, \u017ce&nbsp;z&nbsp;dum\u0105 odbierzecie szkolne \u015bwiadectwa. S\u0142owa uznania kieruj\u0119 do nauczycieli i wychowawc\u00f3w, dzi\u0119kuj\u0105c za przekazywanie wiedzy i kszta\u0142towanie postaw m\u0142odych ludzi. \u017bycz\u0119 Pa\u0144stwu, aby czas letniego odpoczynku pozwoli\u0142 na wytchnienie od codziennych obowi\u0105zk\u00f3w.<\/p>\n\n\n\n<p>Serdecznie pozdrawiam tak\u017ce spo\u0142eczno\u015b\u0107 szk\u00f3\u0142 polonijnych na ca\u0142ym \u015bwiecie. Dzi\u0119kuj\u0119 nie tylko za trud nauczania j\u0119zyka polskiego, ale tak\u017ce za promowanie polskiej tradycji, historii i dziedzictwa narodowego poza granicami naszego kraju.<\/p>\n\n\n\n<p><strong>Wszystkim \u017cycz\u0119 spokojnych i bezpiecznych wakacji!<\/strong><\/p>\n\n\n\n<p class=\"has-text-align-right\"><em>Z wyrazami szacunku<\/em><br><em>Przemys\u0142aw Czarnek<\/em><br><em>Minister Edukacji i Nauki<\/em><\/p>\n","protected":false},"excerpt":{"rendered":"<p>Warszawa, 22 czerwca 2022 r.&nbsp; Szanowni Pa\u0144stwo Dyrektorzy, Drodzy Nauczyciele i Uczniowie, rok szkolny 2021\/2022 by\u0142 czasem wielu wa\u017cnych i potrzebnych zmian w polskiej edukacji. Realizowali\u015bmy przedsi\u0119wzi\u0119cia ukierunkowane na wspieranie wszechstronnego rozwoju m\u0142odych ludzi, budowanie kompetencji przysz\u0142o\u015bci oraz uatrakcyjnienie procesu dydaktycznego, kt\u00f3ry powinien odpowiada\u0107 na wyzwania XXI wieku. Zainicjowali\u015bmy program \u201eLaboratoria Przysz\u0142o\u015bci\u201d. Na zakup nowoczesnego&hellip; <a class=\"continue\" href=\"https:\/\/mycielewo.pl\/?p=31886\">Kontynuuj czytanie<span> List Ministra Edukacji i Nauki na zako\u0144czenie zaj\u0119\u0107 dydaktyczno-wychowawczych w roku szkolnym 2021\/2022<\/span><\/a><\/p>\n","protected":false},"author":4,"featured_media":0,"comment_status":"open","ping_status":"open","sticky":false,"template":"","format":"standard","meta":{"footnotes":""},"categories":[1],"tags":[],"class_list":["post-31886","post","type-post","status-publish","format-standard","hentry","category-bez-kategorii"],"_links":{"self":[{"href":"https:\/\/mycielewo.pl\/index.php?rest_route=\/wp\/v2\/posts\/31886","targetHints":{"allow":["GET"]}}],"collection":[{"href":"https:\/\/mycielewo.pl\/index.php?rest_route=\/wp\/v2\/posts"}],"about":[{"href":"https:\/\/mycielewo.pl\/index.php?rest_route=\/wp\/v2\/types\/post"}],"author":[{"embeddable":true,"href":"https:\/\/mycielewo.pl\/index.php?rest_route=\/wp\/v2\/users\/4"}],"replies":[{"embeddable":true,"href":"https:\/\/mycielewo.pl\/index.php?rest_route=%2Fwp%2Fv2%2Fcomments&post=31886"}],"version-history":[{"count":3,"href":"https:\/\/mycielewo.pl\/index.php?rest_route=\/wp\/v2\/posts\/31886\/revisions"}],"predecessor-version":[{"id":32654,"href":"https:\/\/mycielewo.pl\/index.php?rest_route=\/wp\/v2\/posts\/31886\/revisions\/32654"}],"wp:attachment":[{"href":"https:\/\/mycielewo.pl\/index.php?rest_route=%2Fwp%2Fv2%2Fmedia&parent=31886"}],"wp:term":[{"taxonomy":"category","embeddable":true,"href":"https:\/\/mycielewo.pl\/index.php?rest_route=%2Fwp%2Fv2%2Fcategories&post=31886"},{"taxonomy":"post_tag","embeddable":true,"href":"https:\/\/mycielewo.pl\/index.php?rest_route=%2Fwp%2Fv2%2Ftags&post=31886"}],"curies":[{"name":"wp","href":"https:\/\/api.w.org\/{rel}","templated":true}]}}