{"id":31884,"date":"2022-06-23T23:37:55","date_gmt":"2022-06-23T23:37:55","guid":{"rendered":"http:\/\/www.mycielewo.pl\/?p=31884"},"modified":"2022-06-23T23:37:55","modified_gmt":"2022-06-23T23:37:55","slug":"bezpieczne-wakacje-spot-profilaktyczny-pt-minimum-metr","status":"publish","type":"post","link":"https:\/\/mycielewo.pl\/?p=31884","title":{"rendered":"BEZPIECZNE WAKACJE &#8211; spot profilaktyczny pt. \u201eMinimum METR!\u201d"},"content":{"rendered":"\n<p>Zamieszczamy kolejne informacje w ramach &#8222;Bezpiecznych wakacji&#8221;:<\/p>\n\n\n\n<p><\/p>\n\n\n\n<p>&#8222;<em>W okresie wakacyjnym wzrasta liczba rowerzyst\u00f3w na drogach. S\u0105 to tzw. \u201eniechronieni uczestnicy ruchu drogowego\u201d i\u00a0bardziej nara\u017ceni na niebezpiecze\u0144stwo na drodze ni\u017c kieruj\u0105cy pojazdami samochodowymi.<\/em><\/p>\n\n\n\n<p><em>Funkcjonariusze z\u00a0Komendy Wojew\u00f3dzkiej Policji w\u00a0Bydgoszczy, w\u00a0ramach akcji \u201eJedno\u015bladem bezpiecznie do celu\u201d, nagrali spot profilaktyczny pt. \u201eMinimum METR!\u201d skierowany g\u0142\u00f3wnie do kieruj\u0105cych pojazdami.<\/em><\/p>\n\n\n\n<p><em>Celem przedsi\u0119wzi\u0119cia jest przypomnienie kieruj\u0105cym pojazdami, \u017ce podczas wyprzedzania rowerzysty nale\u017cy zachowa\u0107 bezpieczny odst\u0119p, kt\u00f3ry nie mo\u017ce by\u0107 mniejszy ni\u017c 1\u00a0m. Zachowanie odpowiedniego odst\u0119pu mi\u0119dzy pojazdami jest jedn\u0105 z\u00a0najwa\u017cniejszych zasad bezpiecze\u0144stwa na drodze. Niezachowanie bezpiecznej odleg\u0142o\u015bci mo\u017ce doprowadzi\u0107 do kolizji lub wypadku, dlatego trzeba pami\u0119ta\u0107 o\u00a0zachowaniu odpowiedniego odst\u0119pu podczas wyprzedzania, aby zapewni\u0107 bezpiecze\u0144stwo sobie oraz innym uczestnikom ruchu drogowego<\/em>.&#8221;<\/p>\n\n\n\n<p><em>Link do spotu:<\/em>\u00a0<a rel=\"noreferrer noopener\" href=\"https:\/\/pliki.policja.gov.pl\/sharing\/bP4QQl5mC\" target=\"_blank\">https:\/\/pliki.policja.gov.pl\/sharing\/bP4QQl5mC<\/a><\/p>\n\n\n\n<p><\/p>\n\n\n\n<p><em>ze strony: http:\/\/www.kuratorium.bydgoszcz.uw.gov.pl\/main.php?menu=1&amp;item=200&amp;page=10915<\/em><\/p>\n","protected":false},"excerpt":{"rendered":"<p>Zamieszczamy kolejne informacje w ramach &#8222;Bezpiecznych wakacji&#8221;: &#8222;W okresie wakacyjnym wzrasta liczba rowerzyst\u00f3w na drogach. S\u0105 to tzw. \u201eniechronieni uczestnicy ruchu drogowego\u201d i\u00a0bardziej nara\u017ceni na niebezpiecze\u0144stwo na drodze ni\u017c kieruj\u0105cy pojazdami samochodowymi. Funkcjonariusze z\u00a0Komendy Wojew\u00f3dzkiej Policji w\u00a0Bydgoszczy, w\u00a0ramach akcji \u201eJedno\u015bladem bezpiecznie do celu\u201d, nagrali spot profilaktyczny pt. \u201eMinimum METR!\u201d skierowany g\u0142\u00f3wnie do kieruj\u0105cych pojazdami. Celem&hellip; <a class=\"continue\" href=\"https:\/\/mycielewo.pl\/?p=31884\">Kontynuuj czytanie<span> BEZPIECZNE WAKACJE &#8211; spot profilaktyczny pt. \u201eMinimum METR!\u201d<\/span><\/a><\/p>\n","protected":false},"author":4,"featured_media":0,"comment_status":"open","ping_status":"open","sticky":false,"template":"","format":"standard","meta":{"footnotes":""},"categories":[1],"tags":[],"class_list":["post-31884","post","type-post","status-publish","format-standard","hentry","category-bez-kategorii"],"_links":{"self":[{"href":"https:\/\/mycielewo.pl\/index.php?rest_route=\/wp\/v2\/posts\/31884","targetHints":{"allow":["GET"]}}],"collection":[{"href":"https:\/\/mycielewo.pl\/index.php?rest_route=\/wp\/v2\/posts"}],"about":[{"href":"https:\/\/mycielewo.pl\/index.php?rest_route=\/wp\/v2\/types\/post"}],"author":[{"embeddable":true,"href":"https:\/\/mycielewo.pl\/index.php?rest_route=\/wp\/v2\/users\/4"}],"replies":[{"embeddable":true,"href":"https:\/\/mycielewo.pl\/index.php?rest_route=%2Fwp%2Fv2%2Fcomments&post=31884"}],"version-history":[{"count":1,"href":"https:\/\/mycielewo.pl\/index.php?rest_route=\/wp\/v2\/posts\/31884\/revisions"}],"predecessor-version":[{"id":31885,"href":"https:\/\/mycielewo.pl\/index.php?rest_route=\/wp\/v2\/posts\/31884\/revisions\/31885"}],"wp:attachment":[{"href":"https:\/\/mycielewo.pl\/index.php?rest_route=%2Fwp%2Fv2%2Fmedia&parent=31884"}],"wp:term":[{"taxonomy":"category","embeddable":true,"href":"https:\/\/mycielewo.pl\/index.php?rest_route=%2Fwp%2Fv2%2Fcategories&post=31884"},{"taxonomy":"post_tag","embeddable":true,"href":"https:\/\/mycielewo.pl\/index.php?rest_route=%2Fwp%2Fv2%2Ftags&post=31884"}],"curies":[{"name":"wp","href":"https:\/\/api.w.org\/{rel}","templated":true}]}}