{"id":31882,"date":"2022-06-23T23:29:00","date_gmt":"2022-06-23T23:29:00","guid":{"rendered":"http:\/\/www.mycielewo.pl\/?p=31882"},"modified":"2022-06-23T23:29:00","modified_gmt":"2022-06-23T23:29:00","slug":"bezpieczne-wakacje-film-profilaktyczno-edukacyjny-bezpieczenstwo-nad-woda","status":"publish","type":"post","link":"https:\/\/mycielewo.pl\/?p=31882","title":{"rendered":"BEZPIECZNE WAKACJE &#8211; film profilaktyczno-edukacyjny &#8222;Bezpiecze\u0144stwo nad wod\u0105&#8221;"},"content":{"rendered":"\n<p><\/p>\n\n\n\n<p>Poni\u017cej zamieszczamy materia\u0142y profilaktyczne ze strony Kuratorium O\u015bwiaty w Bydgoszczy dotycz\u0105ce bezpiecze\u0144stwa pobytu nad wod\u0105 :<\/p>\n\n\n\n<p><em>W zwi\u0105zku ze zbli\u017caj\u0105cym si\u0119 okresem wakacyjnym, Stowarzyszenie Centrum Rozwoju Lokalnego przygotowa\u0142o film profilaktyczno-edukacyjny &#8222;Bezpiecze\u0144stwo nad wod\u0105&#8221;, kt\u00f3ry zosta\u0142 opracowany we wsp\u00f3\u0142pracy z Komend\u0105 Powiatow\u0105 Policji w Zawierciu oraz WOPR&#8217;em. W materiale filmowym zaprezentowanych zosta\u0142o 10 niezwykle istotnych zasad, kt\u00f3rych przestrzeganie znacz\u0105co wp\u0142ywa na bezpiecze\u0144stwo podczas pobytu nad wod\u0105.<\/em><\/p>\n\n\n\n<p><em>Zach\u0119camy do zapoznania si\u0119 z filmem. Film mo\u017cna zamieszcza\u0107 na stronach internetowych i w mediach spo\u0142eczno\u015bciowych.<\/em><\/p>\n\n\n\n<p><em>Film powsta\u0142 w ramach og\u00f3lnopolskiej akcji profilaktyczno-edukacyjnej &#8222;Edukujesz-Ratujesz&#8221;.<\/em><\/p>\n\n\n\n<p><em>Wi\u0119cej informacji o akcji:<\/em>\u00a0<a href=\"https:\/\/e-wolontariat.org\/ogolnopolska-akcja-edukujesz-ratujesz\/\">https:\/\/e-wolontariat.org\/ogolnopolska-akcja-edukujesz-ratujesz\/<\/a><\/p>\n\n\n\n<p><em>Szczeg\u00f3\u0142owe informacje w serwisie<\/em>:\u00a0<a rel=\"noreferrer noopener\" href=\"https:\/\/www.youtube.com\/watch?v=I0CO9pwSQeM\" target=\"_blank\">https:\/\/www.youtube.com\/watch?v=I0CO9pwSQeM<\/a><\/p>\n\n\n\n<p><\/p>\n\n\n\n<p><\/p>\n\n\n\n<p><em>informacje pochodz\u0105 ze strony http:\/\/www.kuratorium.bydgoszcz.uw.gov.pl\/main.php?menu=3&amp;item=50&amp;page=10907<\/em><\/p>\n","protected":false},"excerpt":{"rendered":"<p>Poni\u017cej zamieszczamy materia\u0142y profilaktyczne ze strony Kuratorium O\u015bwiaty w Bydgoszczy dotycz\u0105ce bezpiecze\u0144stwa pobytu nad wod\u0105 : W zwi\u0105zku ze zbli\u017caj\u0105cym si\u0119 okresem wakacyjnym, Stowarzyszenie Centrum Rozwoju Lokalnego przygotowa\u0142o film profilaktyczno-edukacyjny &#8222;Bezpiecze\u0144stwo nad wod\u0105&#8221;, kt\u00f3ry zosta\u0142 opracowany we wsp\u00f3\u0142pracy z Komend\u0105 Powiatow\u0105 Policji w Zawierciu oraz WOPR&#8217;em. W materiale filmowym zaprezentowanych zosta\u0142o 10 niezwykle istotnych zasad,&hellip; <a class=\"continue\" href=\"https:\/\/mycielewo.pl\/?p=31882\">Kontynuuj czytanie<span> BEZPIECZNE WAKACJE &#8211; film profilaktyczno-edukacyjny &#8222;Bezpiecze\u0144stwo nad wod\u0105&#8221;<\/span><\/a><\/p>\n","protected":false},"author":4,"featured_media":0,"comment_status":"open","ping_status":"open","sticky":false,"template":"","format":"standard","meta":{"footnotes":""},"categories":[1],"tags":[],"class_list":["post-31882","post","type-post","status-publish","format-standard","hentry","category-bez-kategorii"],"_links":{"self":[{"href":"https:\/\/mycielewo.pl\/index.php?rest_route=\/wp\/v2\/posts\/31882","targetHints":{"allow":["GET"]}}],"collection":[{"href":"https:\/\/mycielewo.pl\/index.php?rest_route=\/wp\/v2\/posts"}],"about":[{"href":"https:\/\/mycielewo.pl\/index.php?rest_route=\/wp\/v2\/types\/post"}],"author":[{"embeddable":true,"href":"https:\/\/mycielewo.pl\/index.php?rest_route=\/wp\/v2\/users\/4"}],"replies":[{"embeddable":true,"href":"https:\/\/mycielewo.pl\/index.php?rest_route=%2Fwp%2Fv2%2Fcomments&post=31882"}],"version-history":[{"count":1,"href":"https:\/\/mycielewo.pl\/index.php?rest_route=\/wp\/v2\/posts\/31882\/revisions"}],"predecessor-version":[{"id":31883,"href":"https:\/\/mycielewo.pl\/index.php?rest_route=\/wp\/v2\/posts\/31882\/revisions\/31883"}],"wp:attachment":[{"href":"https:\/\/mycielewo.pl\/index.php?rest_route=%2Fwp%2Fv2%2Fmedia&parent=31882"}],"wp:term":[{"taxonomy":"category","embeddable":true,"href":"https:\/\/mycielewo.pl\/index.php?rest_route=%2Fwp%2Fv2%2Fcategories&post=31882"},{"taxonomy":"post_tag","embeddable":true,"href":"https:\/\/mycielewo.pl\/index.php?rest_route=%2Fwp%2Fv2%2Ftags&post=31882"}],"curies":[{"name":"wp","href":"https:\/\/api.w.org\/{rel}","templated":true}]}}