{"id":31877,"date":"2022-06-23T18:22:59","date_gmt":"2022-06-23T18:22:59","guid":{"rendered":"http:\/\/www.mycielewo.pl\/?p=31877"},"modified":"2022-06-27T12:37:19","modified_gmt":"2022-06-27T12:37:19","slug":"kacper-gieryk-znowu-najlepszy","status":"publish","type":"post","link":"https:\/\/mycielewo.pl\/?p=31877","title":{"rendered":"Kacper Gieryk znowu najlepszy!"},"content":{"rendered":"\n<p>Z wielk\u0105 rado\u015bci\u0105 przyj\u0119li\u015bmy wiadomo\u015b\u0107 o kolejnym sukcesie naszego absolwenta <strong>Kacpra Gieryka<\/strong>, kt\u00f3ry zosta\u0142 najlepszym orlikiem w je\u017adzie indywidualnej na czas podczas trwaj\u0105cych Mistrzostwach Polski 2022!<\/p>\n\n\n\n<p>Przypomnijmy: Kacper jest zawodnikiem <strong>&nbsp;<\/strong>HRE Mazowsze Serce Polski. 12 maja odwiedzi\u0142 nasz\u0105 szko\u0142\u0119 i opowiada\u0142 o swojej pasji m\u0142odszym kolegom. Nasi uczniowie wr\u0119cz zasypywali Kacpra pytaniami dotycz\u0105cymi kolarstwa i byli pod wielkim wra\u017ceniem jego osi\u0105gni\u0119\u0107, do kt\u00f3rych wczoraj do\u0142o\u017cy\u0142 kolejne: tytu\u0142&nbsp;<em>mistrza Polski<\/em>&nbsp;m\u0119\u017cczyzn do lat 23 w je\u017adzie indywidualnej na czas.  &nbsp;Gratulujemy!!! <\/p>\n\n\n\n<p>W pi\u0105tek Kacper wystartuje jeszcze  w wy\u015bcigu ze startu wsp\u00f3lnego orlik\u00f3w, natomiast w niedziel\u0119 pojedzie w wy\u015bcigu elity m\u0119\u017cczyzn. Trzymamy kciuki za naszego Mistrza!!!<\/p>\n\n\n<div class=\"wp-block-image\">\n<figure class=\"aligncenter size-full\"><img loading=\"lazy\" decoding=\"async\" width=\"2048\" height=\"1536\" src=\"https:\/\/mycielewo.pl\/wp-content\/uploads\/2022\/06\/image-1.png\" alt=\"\" class=\"wp-image-31878\" srcset=\"https:\/\/mycielewo.pl\/wp-content\/uploads\/2022\/06\/image-1.png 2048w, https:\/\/mycielewo.pl\/wp-content\/uploads\/2022\/06\/image-1-250x188.png 250w, https:\/\/mycielewo.pl\/wp-content\/uploads\/2022\/06\/image-1-300x225.png 300w, https:\/\/mycielewo.pl\/wp-content\/uploads\/2022\/06\/image-1-768x576.png 768w, https:\/\/mycielewo.pl\/wp-content\/uploads\/2022\/06\/image-1-1536x1152.png 1536w\" sizes=\"auto, (max-width: 2048px) 100vw, 2048px\" \/><\/figure>\n<\/div>\n\n\n<p>fot. z: <a href=\"https:\/\/www.facebook.com\/kacperdorota.gieryk\">https:\/\/www.facebook.com\/kacperdorota.gieryk<\/a> <\/p>\n","protected":false},"excerpt":{"rendered":"<p>Z wielk\u0105 rado\u015bci\u0105 przyj\u0119li\u015bmy wiadomo\u015b\u0107 o kolejnym sukcesie naszego absolwenta Kacpra Gieryka, kt\u00f3ry zosta\u0142 najlepszym orlikiem w je\u017adzie indywidualnej na czas podczas trwaj\u0105cych Mistrzostwach Polski 2022! Przypomnijmy: Kacper jest zawodnikiem &nbsp;HRE Mazowsze Serce Polski. 12 maja odwiedzi\u0142 nasz\u0105 szko\u0142\u0119 i opowiada\u0142 o swojej pasji m\u0142odszym kolegom. Nasi uczniowie wr\u0119cz zasypywali Kacpra pytaniami dotycz\u0105cymi kolarstwa i&hellip; <a class=\"continue\" href=\"https:\/\/mycielewo.pl\/?p=31877\">Kontynuuj czytanie<span> Kacper Gieryk znowu najlepszy!<\/span><\/a><\/p>\n","protected":false},"author":4,"featured_media":0,"comment_status":"open","ping_status":"open","sticky":false,"template":"","format":"standard","meta":{"footnotes":""},"categories":[1],"tags":[],"class_list":["post-31877","post","type-post","status-publish","format-standard","hentry","category-bez-kategorii"],"_links":{"self":[{"href":"https:\/\/mycielewo.pl\/index.php?rest_route=\/wp\/v2\/posts\/31877","targetHints":{"allow":["GET"]}}],"collection":[{"href":"https:\/\/mycielewo.pl\/index.php?rest_route=\/wp\/v2\/posts"}],"about":[{"href":"https:\/\/mycielewo.pl\/index.php?rest_route=\/wp\/v2\/types\/post"}],"author":[{"embeddable":true,"href":"https:\/\/mycielewo.pl\/index.php?rest_route=\/wp\/v2\/users\/4"}],"replies":[{"embeddable":true,"href":"https:\/\/mycielewo.pl\/index.php?rest_route=%2Fwp%2Fv2%2Fcomments&post=31877"}],"version-history":[{"count":5,"href":"https:\/\/mycielewo.pl\/index.php?rest_route=\/wp\/v2\/posts\/31877\/revisions"}],"predecessor-version":[{"id":32652,"href":"https:\/\/mycielewo.pl\/index.php?rest_route=\/wp\/v2\/posts\/31877\/revisions\/32652"}],"wp:attachment":[{"href":"https:\/\/mycielewo.pl\/index.php?rest_route=%2Fwp%2Fv2%2Fmedia&parent=31877"}],"wp:term":[{"taxonomy":"category","embeddable":true,"href":"https:\/\/mycielewo.pl\/index.php?rest_route=%2Fwp%2Fv2%2Fcategories&post=31877"},{"taxonomy":"post_tag","embeddable":true,"href":"https:\/\/mycielewo.pl\/index.php?rest_route=%2Fwp%2Fv2%2Ftags&post=31877"}],"curies":[{"name":"wp","href":"https:\/\/api.w.org\/{rel}","templated":true}]}}