{"id":31801,"date":"2022-06-23T09:50:18","date_gmt":"2022-06-23T09:50:18","guid":{"rendered":"http:\/\/www.mycielewo.pl\/?p=31801"},"modified":"2022-12-21T11:05:16","modified_gmt":"2022-12-21T11:05:16","slug":"rozstrzygniecie-konkursu-stop-cyberprzemocy","status":"publish","type":"post","link":"https:\/\/mycielewo.pl\/?p=31801","title":{"rendered":"Rozstrzygni\u0119cie konkursu \u201eStop Cyberprzemocy\u201d"},"content":{"rendered":"\n<p>Mi\u0142o nam poinformowa\u0107, \u017ce wybrali\u015bmy najlepsze prace w konkursie informatycznym.<\/p>\n\n\n\n<p>W kategorii plakat nagrod\u0119 w wysoko\u015bci 50 z\u0142 zdobyli: <strong>Martyna Wiekiera<\/strong> z kl. 3 i <strong>Nadia Mlicka<\/strong> z kl. 5.<\/p>\n\n\n\n<p>W kategorii film nagrod\u0119 w wysoko\u015bci 100 z\u0142 zdobyli: <strong>Franciszek Strzy\u017cewski<\/strong> z kl. 6 oraz wsp\u00f3lnie<strong> Aleksander Tworek<\/strong> z kl. 1 i <strong>Igor Tworek<\/strong> z oddzia\u0142u 0.<\/p>\n\n\n\n<p>Gratulujemy!<\/p>\n\n\n\n<p><em>Fundatorem nagrody by\u0142a firma WawKomp z Szubina. Dzi\u0119kujemy<\/em>!<\/p>\n\n\n\n<figure class=\"wp-block-gallery has-nested-images columns-default is-cropped wp-block-gallery-2 is-layout-flex wp-block-gallery-is-layout-flex\">\n<figure class=\"wp-block-image size-full\"><a href=\"https:\/\/mycielewo.pl\/?attachment_id=31804\"><img loading=\"lazy\" decoding=\"async\" width=\"506\" height=\"900\" data-id=\"31804\" src=\"https:\/\/mycielewo.pl\/wp-content\/uploads\/2022\/06\/image001-3.jpg\" alt=\"\" class=\"wp-image-31804\" srcset=\"https:\/\/mycielewo.pl\/wp-content\/uploads\/2022\/06\/image001-3.jpg 506w, https:\/\/mycielewo.pl\/wp-content\/uploads\/2022\/06\/image001-3-141x250.jpg 141w, https:\/\/mycielewo.pl\/wp-content\/uploads\/2022\/06\/image001-3-169x300.jpg 169w\" sizes=\"auto, (max-width: 506px) 100vw, 506px\" \/><\/a><\/figure>\n\n\n\n<figure class=\"wp-block-image size-full\"><a href=\"https:\/\/mycielewo.pl\/?attachment_id=31803\"><img loading=\"lazy\" decoding=\"async\" width=\"702\" height=\"900\" data-id=\"31803\" src=\"https:\/\/mycielewo.pl\/wp-content\/uploads\/2022\/06\/image002-2.jpg\" alt=\"\" class=\"wp-image-31803\" srcset=\"https:\/\/mycielewo.pl\/wp-content\/uploads\/2022\/06\/image002-2.jpg 702w, https:\/\/mycielewo.pl\/wp-content\/uploads\/2022\/06\/image002-2-195x250.jpg 195w, https:\/\/mycielewo.pl\/wp-content\/uploads\/2022\/06\/image002-2-234x300.jpg 234w\" sizes=\"auto, (max-width: 702px) 100vw, 702px\" \/><\/a><\/figure>\n\n\n\n<figure class=\"wp-block-image size-full\"><a href=\"https:\/\/mycielewo.pl\/?attachment_id=31802\"><img loading=\"lazy\" decoding=\"async\" width=\"506\" height=\"900\" data-id=\"31802\" src=\"https:\/\/mycielewo.pl\/wp-content\/uploads\/2022\/06\/image003-2.jpg\" alt=\"\" class=\"wp-image-31802\" srcset=\"https:\/\/mycielewo.pl\/wp-content\/uploads\/2022\/06\/image003-2.jpg 506w, https:\/\/mycielewo.pl\/wp-content\/uploads\/2022\/06\/image003-2-141x250.jpg 141w, https:\/\/mycielewo.pl\/wp-content\/uploads\/2022\/06\/image003-2-169x300.jpg 169w\" sizes=\"auto, (max-width: 506px) 100vw, 506px\" \/><\/a><\/figure>\n<\/figure>\n","protected":false},"excerpt":{"rendered":"<p>Mi\u0142o nam poinformowa\u0107, \u017ce wybrali\u015bmy najlepsze prace w konkursie informatycznym. W kategorii plakat nagrod\u0119 w wysoko\u015bci 50 z\u0142 zdobyli: Martyna Wiekiera z kl. 3 i Nadia Mlicka z kl. 5. W kategorii film nagrod\u0119 w wysoko\u015bci 100 z\u0142 zdobyli: Franciszek Strzy\u017cewski z kl. 6 oraz wsp\u00f3lnie Aleksander Tworek z kl. 1 i Igor Tworek z&hellip; <a class=\"continue\" href=\"https:\/\/mycielewo.pl\/?p=31801\">Kontynuuj czytanie<span> Rozstrzygni\u0119cie konkursu \u201eStop Cyberprzemocy\u201d<\/span><\/a><\/p>\n","protected":false},"author":1,"featured_media":0,"comment_status":"open","ping_status":"open","sticky":false,"template":"","format":"standard","meta":{"footnotes":""},"categories":[1,15],"tags":[],"class_list":["post-31801","post","type-post","status-publish","format-standard","hentry","category-bez-kategorii","category-dbi"],"_links":{"self":[{"href":"https:\/\/mycielewo.pl\/index.php?rest_route=\/wp\/v2\/posts\/31801","targetHints":{"allow":["GET"]}}],"collection":[{"href":"https:\/\/mycielewo.pl\/index.php?rest_route=\/wp\/v2\/posts"}],"about":[{"href":"https:\/\/mycielewo.pl\/index.php?rest_route=\/wp\/v2\/types\/post"}],"author":[{"embeddable":true,"href":"https:\/\/mycielewo.pl\/index.php?rest_route=\/wp\/v2\/users\/1"}],"replies":[{"embeddable":true,"href":"https:\/\/mycielewo.pl\/index.php?rest_route=%2Fwp%2Fv2%2Fcomments&post=31801"}],"version-history":[{"count":2,"href":"https:\/\/mycielewo.pl\/index.php?rest_route=\/wp\/v2\/posts\/31801\/revisions"}],"predecessor-version":[{"id":31807,"href":"https:\/\/mycielewo.pl\/index.php?rest_route=\/wp\/v2\/posts\/31801\/revisions\/31807"}],"wp:attachment":[{"href":"https:\/\/mycielewo.pl\/index.php?rest_route=%2Fwp%2Fv2%2Fmedia&parent=31801"}],"wp:term":[{"taxonomy":"category","embeddable":true,"href":"https:\/\/mycielewo.pl\/index.php?rest_route=%2Fwp%2Fv2%2Fcategories&post=31801"},{"taxonomy":"post_tag","embeddable":true,"href":"https:\/\/mycielewo.pl\/index.php?rest_route=%2Fwp%2Fv2%2Ftags&post=31801"}],"curies":[{"name":"wp","href":"https:\/\/api.w.org\/{rel}","templated":true}]}}