{"id":31788,"date":"2022-06-22T10:56:56","date_gmt":"2022-06-22T10:56:56","guid":{"rendered":"http:\/\/www.mycielewo.pl\/?p=31788"},"modified":"2022-06-22T10:58:18","modified_gmt":"2022-06-22T10:58:18","slug":"zamiast-kwiatka-wrzuc-do-puszki","status":"publish","type":"post","link":"https:\/\/mycielewo.pl\/?p=31788","title":{"rendered":"Zamiast kwiatka wrzu\u0107 do puszki"},"content":{"rendered":"\n<p class=\"has-text-align-center has-vivid-red-color has-text-color\">Po raz kolejny bierzemy udzia\u0142 w akcji &#8222;Zamiast kwiatka wrzu\u0107 do puszki&#8221;. Zebrane pieni\u0105dze przeznaczymy na rehabilitacj\u0119 chorych dzieci: Zosi i Mateusza.<\/p>\n\n\n\n<p class=\"has-text-align-center has-vivid-red-color has-text-color\">24 czerwca br. podczas uroczystego zako\u0144czenia roku szkolnego pieni\u0105dze przeznaczone na kupno kwiat\u00f3w prosimy wrzuci\u0107 w szczytnym celu do puszki.<\/p>\n\n\n\n<p class=\"has-text-align-right\"><em>Szkolne Ko\u0142o Wolontariatu<\/em><\/p>\n","protected":false},"excerpt":{"rendered":"<p>Po raz kolejny bierzemy udzia\u0142 w akcji &#8222;Zamiast kwiatka wrzu\u0107 do puszki&#8221;. Zebrane pieni\u0105dze przeznaczymy na rehabilitacj\u0119 chorych dzieci: Zosi i Mateusza. 24 czerwca br. podczas uroczystego zako\u0144czenia roku szkolnego pieni\u0105dze przeznaczone na kupno kwiat\u00f3w prosimy wrzuci\u0107 w szczytnym celu do puszki. Szkolne Ko\u0142o Wolontariatu<\/p>\n","protected":false},"author":1,"featured_media":0,"comment_status":"open","ping_status":"open","sticky":false,"template":"","format":"standard","meta":{"footnotes":""},"categories":[1],"tags":[],"class_list":["post-31788","post","type-post","status-publish","format-standard","hentry","category-bez-kategorii"],"_links":{"self":[{"href":"https:\/\/mycielewo.pl\/index.php?rest_route=\/wp\/v2\/posts\/31788","targetHints":{"allow":["GET"]}}],"collection":[{"href":"https:\/\/mycielewo.pl\/index.php?rest_route=\/wp\/v2\/posts"}],"about":[{"href":"https:\/\/mycielewo.pl\/index.php?rest_route=\/wp\/v2\/types\/post"}],"author":[{"embeddable":true,"href":"https:\/\/mycielewo.pl\/index.php?rest_route=\/wp\/v2\/users\/1"}],"replies":[{"embeddable":true,"href":"https:\/\/mycielewo.pl\/index.php?rest_route=%2Fwp%2Fv2%2Fcomments&post=31788"}],"version-history":[{"count":3,"href":"https:\/\/mycielewo.pl\/index.php?rest_route=\/wp\/v2\/posts\/31788\/revisions"}],"predecessor-version":[{"id":31791,"href":"https:\/\/mycielewo.pl\/index.php?rest_route=\/wp\/v2\/posts\/31788\/revisions\/31791"}],"wp:attachment":[{"href":"https:\/\/mycielewo.pl\/index.php?rest_route=%2Fwp%2Fv2%2Fmedia&parent=31788"}],"wp:term":[{"taxonomy":"category","embeddable":true,"href":"https:\/\/mycielewo.pl\/index.php?rest_route=%2Fwp%2Fv2%2Fcategories&post=31788"},{"taxonomy":"post_tag","embeddable":true,"href":"https:\/\/mycielewo.pl\/index.php?rest_route=%2Fwp%2Fv2%2Ftags&post=31788"}],"curies":[{"name":"wp","href":"https:\/\/api.w.org\/{rel}","templated":true}]}}