{"id":31783,"date":"2022-06-21T22:52:25","date_gmt":"2022-06-21T22:52:25","guid":{"rendered":"http:\/\/www.mycielewo.pl\/?p=31783"},"modified":"2022-06-23T09:58:47","modified_gmt":"2022-06-23T09:58:47","slug":"przypominamy-o-kolejnej-edycji-konkursu-zbieramy-plastikowe-nakretki","status":"publish","type":"post","link":"https:\/\/mycielewo.pl\/?p=31783","title":{"rendered":"Przypominamy o kolejnej edycji konkursu &#8222;Zbieramy plastikowe nakr\u0119tki&#8221;"},"content":{"rendered":"\n<p><strong>W tym roku przyst\u0105pili\u015bmy ponownie do akcji maj\u0105cej na celu wyrabianie nawyku segregacji odpad\u00f3w. W ubieg\u0142ym roku mieli\u015bmy bardzo dobry wynik i zdobyli\u015bmy nagrod\u0119, dzi\u0119ki kt\u00f3rej zosta\u0142y zakupione gry edukacyjne.  Mamy nadziej\u0119, \u017ce i w tym roku uda nam si\u0119, przy Waszej pomocy, powt\u00f3rzy\u0107 ten sukces. Zach\u0119camy wszystkich do przynoszenia do szko\u0142y plastikowych nakr\u0119tek. Mo\u017cna je wrzuca\u0107 do &#8222;nakr\u0119tkowego&#8221; serduszka lub zostawi\u0107 w szkole  u pracownik\u00f3w obs\u0142ugi. Konkurs trwa od 10 maja 2022 r. do 30 wrze\u015bnia 2022 r. Z g\u00f3ry dzi\u0119kujemy!!!<\/strong><\/p>\n\n\n\n<p>Poni\u017cej regulamin konkursu ze strony <a href=\"https:\/\/www.zamosc.bydgoszcz.pl\/images\/PDF\/Regulamin_2022.pdf\" target=\"_blank\" rel=\"noreferrer noopener\">https:\/\/www.zamosc.bydgoszcz.pl\/images\/PDF\/Regulamin_2022.pdf<\/a><\/p>\n\n\n\n<p class=\"has-text-align-center\"><strong>REGULAMIN KONKURSU<br>\u201eZBIERAMY PLASTIKOWE NAKR\u0118TKI\u201d<br>I ORGANIZACJA I CELE KONKURSU<\/strong><\/p>\n\n\n\n<ol class=\"wp-block-list\"><li>Organizatorem konkursu jest Stowarzyszenie \u201eNasz Zamo\u015b\u0107\u201d ul. Wierzbowa 1, 89-200<br>Zamo\u015b\u0107 &#8211; Koordynator Konkursu.<\/li><li>Konkurs jest adresowany skierowany jest do dzieci i m\u0142odzie\u017cy wszystkich plac\u00f3wek o\u015bwiatowych z terenu powiatu nakielskiego.<\/li><li>Przedmiotem konkursu jest zbi\u00f3rka wy\u0142\u0105cznie plastikowych nakr\u0119tek z butelek po szamponach, sokach, chemii gospodarczej, wodach \u017ar\u00f3dlanych i mineralnych, nakr\u0119tek karton\u00f3w po mleku, karton\u00f3w po sokach itp.<\/li><li>Celem konkursu jest wyrabianie nawyku segregacji odpad\u00f3w i oddzielania nakr\u0119tek od opakowa\u0144 oraz usprawnienie recyklingu odpad\u00f3w opakowaniowych.<\/li><li>Konkurs jest dofinansowany ze \u015brodk\u00f3w powiatu nakielskiego w ramach projektu pn. \u201eNie \u015bmiecimy! Sprz\u0105tamy! Edukujemy &#8211; 2022\u201d<br><strong>II ORGAN OCENIAJ\u0104CY<\/strong><\/li><li>Organem oceniaj\u0105cym b\u0119dzie Koordynator Konkursu \u2013 wolontariusze przez niego wyznaczeni w dniu zako\u0144czenia konkursu.<\/li><li>Zadania organu oceniaj\u0105cego:<br>a) bierze czynny udzia\u0142 w odbiorze i wa\u017ceniu zebranych nakr\u0119tek od plac\u00f3wek bior\u0105cych udzia\u0142 w konkursie,<br>b) typuje zwyci\u0119zc\u00f3w,<br>c) odpowiada za sprawne i terminowe przeprowadzenie konkursu.<br><br><strong>III ZASADY KONKURSU<\/strong><\/li><li>Warunkiem przyst\u0105pienia do konkursu jest wype\u0142nienie zg\u0142oszenia (za\u0142. nr 1), kt\u00f3re nale\u017cy przekaza\u0107 Koordynatorowi Konkursu do dnia 30 maja 2022 r. na adres e-mail: biuro@nasz-zamosc.pl z dopiskiem \u201eZbieramy plastikowe nakr\u0119tki\u201d.<\/li><li>Konkurs trwa od 10 maja 2022 r. do 30 wrze\u015bnia 2022 r.<\/li><li>W ostatnim dniu trwania konkursu Koordynator Konkursu dokona odbioru od plac\u00f3wek bior\u0105cych udzia\u0142 w konkursie dostarczonych do wskazanego miejsca przez organizatora konkursu work\u00f3w\/pojemnik\u00f3w z zebranymi nakr\u0119tkami. W tym samym dniu, nast\u0105pi wa\u017cenie zebranych nakr\u0119tek. Przy wa\u017ceniu mog\u0105 uczestniczy\u0107 przedstawiciele plac\u00f3wek bior\u0105cych udzia\u0142 w konkursie.<\/li><li>Podsumowanie konkursu oraz wskazanie zwyci\u0119zc\u00f3w zostan\u0105 przes\u0142ane na adresy e-mail wszystkich uczestnik\u00f3w oraz zostanie podane na stronie internetowej www.nasz-zamosc.pl .<\/li><li>Konkurs polega na zebraniu jak najwi\u0119kszej ilo\u015bci plastikowych nakr\u0119tek mierzonej w kg.<\/li><li>Nakr\u0119tki nale\u017cy zbiera\u0107 do work\u00f3w\/pojemnik\u00f3w.<\/li><li>Organizator zastrzega sobie prawo do udzielania informacji o wynikach i uczestnikach w prasie i telewizji.<\/li><li>Zebrane i dostarczone nakr\u0119tki organizator przeznacza na cel charytatywny.<br><strong>IV KRYTERIA PRZYZNAWANIA NAGR\u00d3D<\/strong><\/li><li>O zwyci\u0119stwie w konkursie zdecyduje ilo\u015b\u0107 zebranych nakr\u0119tek w kg w przeliczeniu na 1 dziecko ucz\u0119szczaj\u0105ce do plac\u00f3wki bior\u0105cej udzia\u0142 w konkursie.<\/li><li>Zwyci\u0119\u017cy plac\u00f3wka o\u015bwiatowa, kt\u00f3ra osi\u0105gnie najwy\u017cszy wska\u017anik C\/U, gdzie:<br>a) C \u2013 ilo\u015b\u0107 wagowa (w kg) zebranego odpadu og\u00f3\u0142em przekazanego do organizatora konkursu w nieprzekraczalnym terminie do dnia 30.09.2022 r.,<br>b) U \u2013 ilo\u015b\u0107 dzieci\/m\u0142odzie\u017cy ucz\u0119szczaj\u0105cych do danej plac\u00f3wki o\u015bwiatowej wg stanu na dzie\u0144 zg\u0142oszenia, po\u015bwiadczona przez Dyrektora plac\u00f3wki.<\/li><li>Nagrodzone zostan\u0105 trzy pierwsze Szko\u0142y, kt\u00f3re zebra\u0142y najwi\u0119ksz\u0105 ilo\u015b\u0107 nakr\u0119tek w przeliczeniu na 1 dziecko ucz\u0119szczaj\u0105ce do plac\u00f3wki bior\u0105cej udzia\u0142 w konkursie.<br><br><strong>V PRZEWIDYWANE NAGRODY<\/strong><\/li><li>Nagrodami w konkursie b\u0119d\u0105 nagrody rzeczowe, zakupione przez Stowarzyszenie \u201eNasz Zamo\u015b\u0107\u201d po uzgodnieniu z dyrekcj\u0105 plac\u00f3wki, o warto\u015bci przypisanej do zaj\u0119tego miejsca. Dyrekcja plac\u00f3wki wska\u017ce produkt\/produkty i ew. sprzedawc\u0119 do dnia 10.10.2022 r.<\/li><li>Za zaj\u0119cie I miejsca przys\u0142ugiwa\u0107 b\u0119dzie nagroda o warto\u015bci 500 z\u0142., za II miejsce nagroda o warto\u015bci 300 z\u0142 oraz za III miejsce nagroda o warto\u015bci 200 z\u0142. Lista nagrodzonych zostanie podana do publicznej wiadomo\u015bci. Projekt dofinansowany z dotacji od Powiatu Nakielskiego w ramach realizacji konkursu pn. \u201eNie \u015bmiecimy! Sprz\u0105tamy! Edukujemy &#8211; 2022<\/li><\/ol>\n","protected":false},"excerpt":{"rendered":"<p>W tym roku przyst\u0105pili\u015bmy ponownie do akcji maj\u0105cej na celu wyrabianie nawyku segregacji odpad\u00f3w. W ubieg\u0142ym roku mieli\u015bmy bardzo dobry wynik i zdobyli\u015bmy nagrod\u0119, dzi\u0119ki kt\u00f3rej zosta\u0142y zakupione gry edukacyjne. Mamy nadziej\u0119, \u017ce i w tym roku uda nam si\u0119, przy Waszej pomocy, powt\u00f3rzy\u0107 ten sukces. Zach\u0119camy wszystkich do przynoszenia do szko\u0142y plastikowych nakr\u0119tek. Mo\u017cna&hellip; <a class=\"continue\" href=\"https:\/\/mycielewo.pl\/?p=31783\">Kontynuuj czytanie<span> Przypominamy o kolejnej edycji konkursu &#8222;Zbieramy plastikowe nakr\u0119tki&#8221;<\/span><\/a><\/p>\n","protected":false},"author":4,"featured_media":0,"comment_status":"open","ping_status":"open","sticky":false,"template":"","format":"standard","meta":{"footnotes":""},"categories":[1],"tags":[],"class_list":["post-31783","post","type-post","status-publish","format-standard","hentry","category-bez-kategorii"],"_links":{"self":[{"href":"https:\/\/mycielewo.pl\/index.php?rest_route=\/wp\/v2\/posts\/31783","targetHints":{"allow":["GET"]}}],"collection":[{"href":"https:\/\/mycielewo.pl\/index.php?rest_route=\/wp\/v2\/posts"}],"about":[{"href":"https:\/\/mycielewo.pl\/index.php?rest_route=\/wp\/v2\/types\/post"}],"author":[{"embeddable":true,"href":"https:\/\/mycielewo.pl\/index.php?rest_route=\/wp\/v2\/users\/4"}],"replies":[{"embeddable":true,"href":"https:\/\/mycielewo.pl\/index.php?rest_route=%2Fwp%2Fv2%2Fcomments&post=31783"}],"version-history":[{"count":3,"href":"https:\/\/mycielewo.pl\/index.php?rest_route=\/wp\/v2\/posts\/31783\/revisions"}],"predecessor-version":[{"id":31809,"href":"https:\/\/mycielewo.pl\/index.php?rest_route=\/wp\/v2\/posts\/31783\/revisions\/31809"}],"wp:attachment":[{"href":"https:\/\/mycielewo.pl\/index.php?rest_route=%2Fwp%2Fv2%2Fmedia&parent=31783"}],"wp:term":[{"taxonomy":"category","embeddable":true,"href":"https:\/\/mycielewo.pl\/index.php?rest_route=%2Fwp%2Fv2%2Fcategories&post=31783"},{"taxonomy":"post_tag","embeddable":true,"href":"https:\/\/mycielewo.pl\/index.php?rest_route=%2Fwp%2Fv2%2Ftags&post=31783"}],"curies":[{"name":"wp","href":"https:\/\/api.w.org\/{rel}","templated":true}]}}