{"id":31781,"date":"2022-06-22T18:02:44","date_gmt":"2022-06-22T18:02:44","guid":{"rendered":"http:\/\/www.mycielewo.pl\/?p=31781"},"modified":"2022-06-22T18:02:44","modified_gmt":"2022-06-22T18:02:44","slug":"zakonczenie-roku-szkolnego-2","status":"publish","type":"post","link":"https:\/\/mycielewo.pl\/?p=31781","title":{"rendered":"Zako\u0144czenie roku szkolnego"},"content":{"rendered":"\n<p><strong>Informujemy, \u017ce uroczysto\u015b\u0107 zako\u0144czenia roku szkolnego odb\u0119dzie si\u0119 w pi\u0105tek 24 czerwca 2022 r. o godz. 8.45 w sali gimnastycznej.<\/strong><\/p>\n\n\n\n<p><strong> Po oficjalnej cz\u0119\u015bci i wr\u0119czeniu \u015bwiadectw z  wyr\u00f3\u017cnieniem oraz  nagr\u00f3d  uczniowie udadz\u0105 si\u0119 do klas ze swoimi wychowawcami na rozdanie pozosta\u0142ych \u015bwiadectw.<\/strong><\/p>\n\n\n\n<p><strong>Dowozy w dniu zako\u0144czenia roku szkolnego wed\u0142ug sta\u0142ego harmonogramu. Odwozy natomiast ok. godz.11.00.<\/strong><\/p>\n\n\n\n<p><strong>Przypominamy, \u017ce w tym dniu obowi\u0105zuje str\u00f3j galowy:-)<\/strong><\/p>\n\n\n\n<p><\/p>\n","protected":false},"excerpt":{"rendered":"<p>Informujemy, \u017ce uroczysto\u015b\u0107 zako\u0144czenia roku szkolnego odb\u0119dzie si\u0119 w pi\u0105tek 24 czerwca 2022 r. o godz. 8.45 w sali gimnastycznej. Po oficjalnej cz\u0119\u015bci i wr\u0119czeniu \u015bwiadectw z wyr\u00f3\u017cnieniem oraz nagr\u00f3d uczniowie udadz\u0105 si\u0119 do klas ze swoimi wychowawcami na rozdanie pozosta\u0142ych \u015bwiadectw. Dowozy w dniu zako\u0144czenia roku szkolnego wed\u0142ug sta\u0142ego harmonogramu. Odwozy natomiast ok. godz.11.00.&hellip; <a class=\"continue\" href=\"https:\/\/mycielewo.pl\/?p=31781\">Kontynuuj czytanie<span> Zako\u0144czenie roku szkolnego<\/span><\/a><\/p>\n","protected":false},"author":4,"featured_media":0,"comment_status":"open","ping_status":"open","sticky":false,"template":"","format":"standard","meta":{"footnotes":""},"categories":[1],"tags":[],"class_list":["post-31781","post","type-post","status-publish","format-standard","hentry","category-bez-kategorii"],"_links":{"self":[{"href":"https:\/\/mycielewo.pl\/index.php?rest_route=\/wp\/v2\/posts\/31781","targetHints":{"allow":["GET"]}}],"collection":[{"href":"https:\/\/mycielewo.pl\/index.php?rest_route=\/wp\/v2\/posts"}],"about":[{"href":"https:\/\/mycielewo.pl\/index.php?rest_route=\/wp\/v2\/types\/post"}],"author":[{"embeddable":true,"href":"https:\/\/mycielewo.pl\/index.php?rest_route=\/wp\/v2\/users\/4"}],"replies":[{"embeddable":true,"href":"https:\/\/mycielewo.pl\/index.php?rest_route=%2Fwp%2Fv2%2Fcomments&post=31781"}],"version-history":[{"count":3,"href":"https:\/\/mycielewo.pl\/index.php?rest_route=\/wp\/v2\/posts\/31781\/revisions"}],"predecessor-version":[{"id":31800,"href":"https:\/\/mycielewo.pl\/index.php?rest_route=\/wp\/v2\/posts\/31781\/revisions\/31800"}],"wp:attachment":[{"href":"https:\/\/mycielewo.pl\/index.php?rest_route=%2Fwp%2Fv2%2Fmedia&parent=31781"}],"wp:term":[{"taxonomy":"category","embeddable":true,"href":"https:\/\/mycielewo.pl\/index.php?rest_route=%2Fwp%2Fv2%2Fcategories&post=31781"},{"taxonomy":"post_tag","embeddable":true,"href":"https:\/\/mycielewo.pl\/index.php?rest_route=%2Fwp%2Fv2%2Ftags&post=31781"}],"curies":[{"name":"wp","href":"https:\/\/api.w.org\/{rel}","templated":true}]}}