{"id":31772,"date":"2022-06-21T08:49:03","date_gmt":"2022-06-21T08:49:03","guid":{"rendered":"http:\/\/www.mycielewo.pl\/?p=31772"},"modified":"2022-06-21T08:54:05","modified_gmt":"2022-06-21T08:54:05","slug":"razem-przez-cztery-pory-roku","status":"publish","type":"post","link":"https:\/\/mycielewo.pl\/?p=31772","title":{"rendered":"\u201eRAZEM PRZEZ CZTERY PORY ROKU\u201d &#8211; podsumowanie"},"content":{"rendered":"\n<p><strong>W roku szkolnym 2021\/2022 dzieci z najm\u0142odszej grupy przyst\u0105pi\u0142y do realizacji Og\u00f3lnopolskiego Projektu \u201eRazem przez cztery pory roku\u201d. Projekt mia\u0142 na celu promowanie tre\u015bci z zakresu edukacji przyrodniczej, rozwijanie samodzielno\u015bci i kreatywno\u015bci dzieci. <\/strong><\/p>\n\n\n\n<p>Za\u0142o\u017ceniem projektu by\u0142o r\u00f3wnie\u017c stwarzanie mo\u017cliwo\u015bci poznania przez dziecko poszczeg\u00f3lnych p\u00f3r roku i ich charakterystycznych cech, budzenie zainteresowania \u015bwiatem przyrody i wdra\u017canie do wsp\u00f3lnej aktywno\u015bci fizycznej i zabawy. Projekt zawiera\u0142 4 modu\u0142y, a warunkiem zaliczenia ka\u017cdego z nich by\u0142o przeprowadzenie zaj\u0119\u0107 dydaktycznych z elementami charakterystycznymi dla danej pory roku. Uda\u0142o nam si\u0119 zrealizowa\u0107 wszystkie 4 modu\u0142y: jesie\u0144, zima, wiosna, lato za co otrzymali\u015bmy dyplomy oraz podzi\u0119kowania.<\/p>\n\n\n\n<p class=\"has-text-align-right\"><em>Iwona Wojtkowiak<\/em><\/p>\n\n\n\n<figure class=\"wp-block-gallery has-nested-images columns-4 is-cropped wp-block-gallery-2 is-layout-flex wp-block-gallery-is-layout-flex\">\n<figure class=\"wp-block-image size-large\"><a href=\"https:\/\/mycielewo.pl\/?attachment_id=31776\"><img loading=\"lazy\" decoding=\"async\" width=\"300\" height=\"212\" data-id=\"31776\" src=\"https:\/\/mycielewo.pl\/wp-content\/uploads\/2022\/06\/image1-7-300x212.jpg\" alt=\"\" class=\"wp-image-31776\" srcset=\"https:\/\/mycielewo.pl\/wp-content\/uploads\/2022\/06\/image1-7-300x212.jpg 300w, https:\/\/mycielewo.pl\/wp-content\/uploads\/2022\/06\/image1-7-250x177.jpg 250w, https:\/\/mycielewo.pl\/wp-content\/uploads\/2022\/06\/image1-7-768x544.jpg 768w, https:\/\/mycielewo.pl\/wp-content\/uploads\/2022\/06\/image1-7.jpg 900w\" sizes=\"auto, (max-width: 300px) 100vw, 300px\" \/><\/a><\/figure>\n\n\n\n<figure class=\"wp-block-image size-large\"><a href=\"https:\/\/mycielewo.pl\/?attachment_id=31777\"><img loading=\"lazy\" decoding=\"async\" width=\"300\" height=\"202\" data-id=\"31777\" src=\"https:\/\/mycielewo.pl\/wp-content\/uploads\/2022\/06\/image2-7-300x202.jpg\" alt=\"\" class=\"wp-image-31777\" srcset=\"https:\/\/mycielewo.pl\/wp-content\/uploads\/2022\/06\/image2-7-300x202.jpg 300w, https:\/\/mycielewo.pl\/wp-content\/uploads\/2022\/06\/image2-7-250x168.jpg 250w, https:\/\/mycielewo.pl\/wp-content\/uploads\/2022\/06\/image2-7-768x517.jpg 768w, https:\/\/mycielewo.pl\/wp-content\/uploads\/2022\/06\/image2-7.jpg 900w\" sizes=\"auto, (max-width: 300px) 100vw, 300px\" \/><\/a><\/figure>\n\n\n\n<figure class=\"wp-block-image size-large\"><a href=\"https:\/\/mycielewo.pl\/?attachment_id=31778\"><img loading=\"lazy\" decoding=\"async\" width=\"257\" height=\"300\" data-id=\"31778\" src=\"https:\/\/mycielewo.pl\/wp-content\/uploads\/2022\/06\/image3-6-257x300.jpg\" alt=\"\" class=\"wp-image-31778\" srcset=\"https:\/\/mycielewo.pl\/wp-content\/uploads\/2022\/06\/image3-6-257x300.jpg 257w, https:\/\/mycielewo.pl\/wp-content\/uploads\/2022\/06\/image3-6-214x250.jpg 214w, https:\/\/mycielewo.pl\/wp-content\/uploads\/2022\/06\/image3-6.jpg 599w\" sizes=\"auto, (max-width: 257px) 100vw, 257px\" \/><\/a><\/figure>\n\n\n\n<figure class=\"wp-block-image size-large\"><a href=\"https:\/\/mycielewo.pl\/?attachment_id=31779\"><img loading=\"lazy\" decoding=\"async\" width=\"265\" height=\"300\" data-id=\"31779\" src=\"https:\/\/mycielewo.pl\/wp-content\/uploads\/2022\/06\/image4-5-265x300.jpg\" alt=\"\" class=\"wp-image-31779\" srcset=\"https:\/\/mycielewo.pl\/wp-content\/uploads\/2022\/06\/image4-5-265x300.jpg 265w, https:\/\/mycielewo.pl\/wp-content\/uploads\/2022\/06\/image4-5-221x250.jpg 221w, https:\/\/mycielewo.pl\/wp-content\/uploads\/2022\/06\/image4-5.jpg 619w\" sizes=\"auto, (max-width: 265px) 100vw, 265px\" \/><\/a><\/figure>\n<\/figure>\n","protected":false},"excerpt":{"rendered":"<p>W roku szkolnym 2021\/2022 dzieci z najm\u0142odszej grupy przyst\u0105pi\u0142y do realizacji Og\u00f3lnopolskiego Projektu \u201eRazem przez cztery pory roku\u201d. Projekt mia\u0142 na celu promowanie tre\u015bci z zakresu edukacji przyrodniczej, rozwijanie samodzielno\u015bci i kreatywno\u015bci dzieci. Za\u0142o\u017ceniem projektu by\u0142o r\u00f3wnie\u017c stwarzanie mo\u017cliwo\u015bci poznania przez dziecko poszczeg\u00f3lnych p\u00f3r roku i ich charakterystycznych cech, budzenie zainteresowania \u015bwiatem przyrody i wdra\u017canie&hellip; <a class=\"continue\" href=\"https:\/\/mycielewo.pl\/?p=31772\">Kontynuuj czytanie<span> \u201eRAZEM PRZEZ CZTERY PORY ROKU\u201d &#8211; podsumowanie<\/span><\/a><\/p>\n","protected":false},"author":1,"featured_media":0,"comment_status":"open","ping_status":"open","sticky":false,"template":"","format":"standard","meta":{"footnotes":""},"categories":[1],"tags":[],"class_list":["post-31772","post","type-post","status-publish","format-standard","hentry","category-bez-kategorii"],"_links":{"self":[{"href":"https:\/\/mycielewo.pl\/index.php?rest_route=\/wp\/v2\/posts\/31772","targetHints":{"allow":["GET"]}}],"collection":[{"href":"https:\/\/mycielewo.pl\/index.php?rest_route=\/wp\/v2\/posts"}],"about":[{"href":"https:\/\/mycielewo.pl\/index.php?rest_route=\/wp\/v2\/types\/post"}],"author":[{"embeddable":true,"href":"https:\/\/mycielewo.pl\/index.php?rest_route=\/wp\/v2\/users\/1"}],"replies":[{"embeddable":true,"href":"https:\/\/mycielewo.pl\/index.php?rest_route=%2Fwp%2Fv2%2Fcomments&post=31772"}],"version-history":[{"count":4,"href":"https:\/\/mycielewo.pl\/index.php?rest_route=\/wp\/v2\/posts\/31772\/revisions"}],"predecessor-version":[{"id":31780,"href":"https:\/\/mycielewo.pl\/index.php?rest_route=\/wp\/v2\/posts\/31772\/revisions\/31780"}],"wp:attachment":[{"href":"https:\/\/mycielewo.pl\/index.php?rest_route=%2Fwp%2Fv2%2Fmedia&parent=31772"}],"wp:term":[{"taxonomy":"category","embeddable":true,"href":"https:\/\/mycielewo.pl\/index.php?rest_route=%2Fwp%2Fv2%2Fcategories&post=31772"},{"taxonomy":"post_tag","embeddable":true,"href":"https:\/\/mycielewo.pl\/index.php?rest_route=%2Fwp%2Fv2%2Ftags&post=31772"}],"curies":[{"name":"wp","href":"https:\/\/api.w.org\/{rel}","templated":true}]}}