{"id":31745,"date":"2022-06-09T09:02:00","date_gmt":"2022-06-09T09:02:00","guid":{"rendered":"http:\/\/www.mycielewo.pl\/?p=31745"},"modified":"2022-06-15T09:04:43","modified_gmt":"2022-06-15T09:04:43","slug":"zbiorka-dla-potrzebujacych-dzieci","status":"publish","type":"post","link":"https:\/\/mycielewo.pl\/?p=31745","title":{"rendered":"Zbi\u00f3rka dla potrzebuj\u0105cych dzieci"},"content":{"rendered":"\n<p class=\"has-text-align-center has-vivid-red-color has-text-color\"><strong>Szkolne Ko\u0142o Wolontariatu<\/strong><\/p>\n\n\n\n<p class=\"has-text-align-center has-vivid-red-color has-text-color\"><strong>organizuje zbi\u00f3rk\u0119 dla dzieci chorych onkologicznie przebywaj\u0105cych<br>w szpitalu w Bydgoszczy i dla ich rodzic\u00f3w.<\/strong><\/p>\n\n\n\n<p class=\"has-text-align-center\"><strong>Zbieramy tylko nowe:<\/strong><\/p>\n\n\n\n<p class=\"has-text-align-center\">&#8211; przybory plastyczne: kredki, pisaki, kolorowy papier, papier ksero, wycinanki, kolorowanki, o\u0142\u00f3wki i d\u0142ugopisy, farby, p\u0119dzle, temper\u00f3wki, gumki do mazania i inne<\/p>\n\n\n\n<p class=\"has-text-align-center\">&#8211; wod\u0119 mineraln\u0105 w butelkach, kaw\u0119, herbat\u0119<\/p>\n\n\n\n<p class=\"has-text-align-center\">&#8211; \u015brodki higieny osobistej: myd\u0142a w p\u0142ynie, \u017cele pod prysznic, pasty do z\u0119b\u00f3w, chusteczki jednorazowe<\/p>\n\n\n\n<p class=\"has-text-align-center\">Przyniesione przedmioty mo\u017cna sk\u0142ada\u0107 do kartonu wystawionego przy sekretariacie<strong>.<\/strong><\/p>\n\n\n\n<p class=\"has-text-align-center\"><strong>Serdecznie dzi\u0119kujemy za zrozumienie potrzeb chorych dzieci i ich rodzic\u00f3w.<\/strong><\/p>\n\n\n<div class=\"wp-block-image\">\n<figure class=\"aligncenter size-full\"><img loading=\"lazy\" decoding=\"async\" width=\"1000\" height=\"750\" src=\"https:\/\/mycielewo.pl\/wp-content\/uploads\/2022\/06\/image001-2.jpg\" alt=\"\" class=\"wp-image-31746\" srcset=\"https:\/\/mycielewo.pl\/wp-content\/uploads\/2022\/06\/image001-2.jpg 1000w, https:\/\/mycielewo.pl\/wp-content\/uploads\/2022\/06\/image001-2-250x188.jpg 250w, https:\/\/mycielewo.pl\/wp-content\/uploads\/2022\/06\/image001-2-300x225.jpg 300w, https:\/\/mycielewo.pl\/wp-content\/uploads\/2022\/06\/image001-2-768x576.jpg 768w\" sizes=\"auto, (max-width: 1000px) 100vw, 1000px\" \/><\/figure>\n<\/div>","protected":false},"excerpt":{"rendered":"<p>Szkolne Ko\u0142o Wolontariatu organizuje zbi\u00f3rk\u0119 dla dzieci chorych onkologicznie przebywaj\u0105cychw szpitalu w Bydgoszczy i dla ich rodzic\u00f3w. Zbieramy tylko nowe: &#8211; przybory plastyczne: kredki, pisaki, kolorowy papier, papier ksero, wycinanki, kolorowanki, o\u0142\u00f3wki i d\u0142ugopisy, farby, p\u0119dzle, temper\u00f3wki, gumki do mazania i inne &#8211; wod\u0119 mineraln\u0105 w butelkach, kaw\u0119, herbat\u0119 &#8211; \u015brodki higieny osobistej: myd\u0142a w&hellip; <a class=\"continue\" href=\"https:\/\/mycielewo.pl\/?p=31745\">Kontynuuj czytanie<span> Zbi\u00f3rka dla potrzebuj\u0105cych dzieci<\/span><\/a><\/p>\n","protected":false},"author":1,"featured_media":0,"comment_status":"open","ping_status":"open","sticky":false,"template":"","format":"standard","meta":{"footnotes":""},"categories":[1],"tags":[],"class_list":["post-31745","post","type-post","status-publish","format-standard","hentry","category-bez-kategorii"],"_links":{"self":[{"href":"https:\/\/mycielewo.pl\/index.php?rest_route=\/wp\/v2\/posts\/31745","targetHints":{"allow":["GET"]}}],"collection":[{"href":"https:\/\/mycielewo.pl\/index.php?rest_route=\/wp\/v2\/posts"}],"about":[{"href":"https:\/\/mycielewo.pl\/index.php?rest_route=\/wp\/v2\/types\/post"}],"author":[{"embeddable":true,"href":"https:\/\/mycielewo.pl\/index.php?rest_route=\/wp\/v2\/users\/1"}],"replies":[{"embeddable":true,"href":"https:\/\/mycielewo.pl\/index.php?rest_route=%2Fwp%2Fv2%2Fcomments&post=31745"}],"version-history":[{"count":1,"href":"https:\/\/mycielewo.pl\/index.php?rest_route=\/wp\/v2\/posts\/31745\/revisions"}],"predecessor-version":[{"id":31747,"href":"https:\/\/mycielewo.pl\/index.php?rest_route=\/wp\/v2\/posts\/31745\/revisions\/31747"}],"wp:attachment":[{"href":"https:\/\/mycielewo.pl\/index.php?rest_route=%2Fwp%2Fv2%2Fmedia&parent=31745"}],"wp:term":[{"taxonomy":"category","embeddable":true,"href":"https:\/\/mycielewo.pl\/index.php?rest_route=%2Fwp%2Fv2%2Fcategories&post=31745"},{"taxonomy":"post_tag","embeddable":true,"href":"https:\/\/mycielewo.pl\/index.php?rest_route=%2Fwp%2Fv2%2Ftags&post=31745"}],"curies":[{"name":"wp","href":"https:\/\/api.w.org\/{rel}","templated":true}]}}