{"id":31709,"date":"2022-06-12T14:21:04","date_gmt":"2022-06-12T14:21:04","guid":{"rendered":"http:\/\/www.mycielewo.pl\/?p=31709"},"modified":"2022-06-15T06:47:16","modified_gmt":"2022-06-15T06:47:16","slug":"marysia-kurtysiak-laureatka-konkursu-plastycznego-znak-polski-walczacej","status":"publish","type":"post","link":"https:\/\/mycielewo.pl\/?p=31709","title":{"rendered":"Marysia Kurtysiak laureatk\u0105 konkursu plastycznego \u201eZnak Polski Walcz\u0105cej\u201d"},"content":{"rendered":"\n<p>Mijaj\u0105cy tydzie\u0144 to pasmo sukces\u00f3w naszych uczni\u00f3w. Do wcze\u015bniejszych osi\u0105gni\u0119\u0107 nale\u017cy doda\u0107 <strong>sukces<\/strong> <strong>Marysi Kurtysiak z klasy II Szko\u0142y Podstawowej w Mycielewie<\/strong>, <strong>kt\u00f3ra sta\u0142a si\u0119 laureatk\u0105 konkursu&nbsp; \u201eZnak Polski Walcz\u0105cej\u201d, zdobywaj\u0105c w nim II miejsce w kategorii klas I\u2013III szk\u00f3\u0142 podstawowych wojew\u00f3dztwa kujawsko-pomorskiego.<\/strong><\/p>\n\n\n\n<p>Konkurs zosta\u0142 og\u0142oszony w rocznic\u0119 powstania znaku Polski Walcz\u0105cej. Organizatorem by\u0142 Referat Edukacji Narodowej Instytutu Pami\u0119ci Narodowej Delegatura w Bydgoszczy. Uczestnicy mieli za zadanie wykonanie pracy plastycznej ze znakiem Polski Walcz\u0105cej, wpisanym w szeroki kontekst polskich zmaga\u0144 o niepodleg\u0142o\u015b\u0107 i suwerenno\u015b\u0107. <strong>Marysia wykona\u0142a prac\u0119 pt. \u201ePami\u0119tamy\u201d a w jej centrum umie\u015bci\u0142a ma\u0142ego powsta\u0144ca warszawskiego.<\/strong><\/p>\n\n\n\n<p>9 czerwca 2022 r., w IPN w Bydgoszczy odby\u0142a si\u0119 uroczysta gala wr\u0119czenia nagr\u00f3d. Zaproszonych go\u015bci przywita\u0142a pani dr Katarzyna Maniewska, kt\u00f3ra opowiedzia\u0142a o idei tego konkursu. Nast\u0119pnie g\u0142os zabra\u0142a pani naczelnik Edyta Cisewska. Po wr\u0119czeniu nagr\u00f3d (m.in. wspania\u0142ych edukacyjnych gier i&nbsp; puzzli) na dzieci czeka\u0142a jeszcze jedna niespodzianka: zwiedzenie archiwum i czytelni w instytucie, co by\u0142o dla wszystkich du\u017cym prze\u017cyciem, poniewa\u017c nie jest to mo\u017cliwo\u015b\u0107 dost\u0119pna na co dzie\u0144. Opr\u00f3cz akt, dokument\u00f3w, w zbiorach archiwum s\u0105 te\u017c inne eksponaty, m. in. r\u00f3\u017caniec z chleba wykonany przez internowanych w potulickim wi\u0119zieniu. Wycieczka po instytucie by\u0142a cenn\u0105 lekcj\u0105 historii i zrobi\u0142a du\u017ce wra\u017cenie zar\u00f3wno na dzieciach, jak i na ich opiekunach.<\/p>\n\n\n\n<figure class=\"wp-block-gallery has-nested-images columns-6 is-cropped wp-block-gallery-2 is-layout-flex wp-block-gallery-is-layout-flex\">\n<figure class=\"wp-block-image size-large\"><a href=\"https:\/\/mycielewo.pl\/?attachment_id=31718\"><img loading=\"lazy\" decoding=\"async\" width=\"169\" height=\"300\" data-id=\"31718\" src=\"https:\/\/mycielewo.pl\/wp-content\/uploads\/2022\/06\/image1-5-169x300.jpg\" alt=\"\" class=\"wp-image-31718\" srcset=\"https:\/\/mycielewo.pl\/wp-content\/uploads\/2022\/06\/image1-5-169x300.jpg 169w, https:\/\/mycielewo.pl\/wp-content\/uploads\/2022\/06\/image1-5-141x250.jpg 141w, https:\/\/mycielewo.pl\/wp-content\/uploads\/2022\/06\/image1-5.jpg 394w\" sizes=\"auto, (max-width: 169px) 100vw, 169px\" \/><\/a><\/figure>\n\n\n\n<figure class=\"wp-block-image size-large\"><a href=\"https:\/\/mycielewo.pl\/?attachment_id=31717\"><img loading=\"lazy\" decoding=\"async\" width=\"169\" height=\"300\" data-id=\"31717\" src=\"https:\/\/mycielewo.pl\/wp-content\/uploads\/2022\/06\/image2-5-169x300.jpg\" alt=\"\" class=\"wp-image-31717\" srcset=\"https:\/\/mycielewo.pl\/wp-content\/uploads\/2022\/06\/image2-5-169x300.jpg 169w, https:\/\/mycielewo.pl\/wp-content\/uploads\/2022\/06\/image2-5-141x250.jpg 141w, https:\/\/mycielewo.pl\/wp-content\/uploads\/2022\/06\/image2-5.jpg 394w\" sizes=\"auto, (max-width: 169px) 100vw, 169px\" \/><\/a><\/figure>\n\n\n\n<figure class=\"wp-block-image size-large\"><a href=\"https:\/\/mycielewo.pl\/?attachment_id=31719\"><img loading=\"lazy\" decoding=\"async\" width=\"169\" height=\"300\" data-id=\"31719\" src=\"https:\/\/mycielewo.pl\/wp-content\/uploads\/2022\/06\/image3-4-169x300.jpg\" alt=\"\" class=\"wp-image-31719\" srcset=\"https:\/\/mycielewo.pl\/wp-content\/uploads\/2022\/06\/image3-4-169x300.jpg 169w, https:\/\/mycielewo.pl\/wp-content\/uploads\/2022\/06\/image3-4-141x250.jpg 141w, https:\/\/mycielewo.pl\/wp-content\/uploads\/2022\/06\/image3-4.jpg 394w\" sizes=\"auto, (max-width: 169px) 100vw, 169px\" \/><\/a><\/figure>\n\n\n\n<figure class=\"wp-block-image size-large\"><a href=\"https:\/\/mycielewo.pl\/?attachment_id=31721\"><img loading=\"lazy\" decoding=\"async\" width=\"169\" height=\"300\" data-id=\"31721\" src=\"https:\/\/mycielewo.pl\/wp-content\/uploads\/2022\/06\/image4-3-169x300.jpg\" alt=\"\" class=\"wp-image-31721\" srcset=\"https:\/\/mycielewo.pl\/wp-content\/uploads\/2022\/06\/image4-3-169x300.jpg 169w, https:\/\/mycielewo.pl\/wp-content\/uploads\/2022\/06\/image4-3-141x250.jpg 141w, https:\/\/mycielewo.pl\/wp-content\/uploads\/2022\/06\/image4-3.jpg 394w\" sizes=\"auto, (max-width: 169px) 100vw, 169px\" \/><\/a><\/figure>\n\n\n\n<figure class=\"wp-block-image size-large\"><a href=\"https:\/\/mycielewo.pl\/?attachment_id=31720\"><img loading=\"lazy\" decoding=\"async\" width=\"169\" height=\"300\" data-id=\"31720\" src=\"https:\/\/mycielewo.pl\/wp-content\/uploads\/2022\/06\/image5-3-169x300.jpg\" alt=\"\" class=\"wp-image-31720\" srcset=\"https:\/\/mycielewo.pl\/wp-content\/uploads\/2022\/06\/image5-3-169x300.jpg 169w, https:\/\/mycielewo.pl\/wp-content\/uploads\/2022\/06\/image5-3-141x250.jpg 141w, https:\/\/mycielewo.pl\/wp-content\/uploads\/2022\/06\/image5-3.jpg 394w\" sizes=\"auto, (max-width: 169px) 100vw, 169px\" \/><\/a><\/figure>\n\n\n\n<figure class=\"wp-block-image size-large\"><a href=\"https:\/\/mycielewo.pl\/?attachment_id=31722\"><img loading=\"lazy\" decoding=\"async\" width=\"169\" height=\"300\" data-id=\"31722\" src=\"https:\/\/mycielewo.pl\/wp-content\/uploads\/2022\/06\/image6-3-169x300.jpg\" alt=\"\" class=\"wp-image-31722\" srcset=\"https:\/\/mycielewo.pl\/wp-content\/uploads\/2022\/06\/image6-3-169x300.jpg 169w, https:\/\/mycielewo.pl\/wp-content\/uploads\/2022\/06\/image6-3-141x250.jpg 141w, https:\/\/mycielewo.pl\/wp-content\/uploads\/2022\/06\/image6-3.jpg 394w\" sizes=\"auto, (max-width: 169px) 100vw, 169px\" \/><\/a><\/figure>\n\n\n\n<figure class=\"wp-block-image size-large\"><a href=\"https:\/\/mycielewo.pl\/?attachment_id=31723\"><img loading=\"lazy\" decoding=\"async\" width=\"169\" height=\"300\" data-id=\"31723\" src=\"https:\/\/mycielewo.pl\/wp-content\/uploads\/2022\/06\/image7-3-169x300.jpg\" alt=\"\" class=\"wp-image-31723\" srcset=\"https:\/\/mycielewo.pl\/wp-content\/uploads\/2022\/06\/image7-3-169x300.jpg 169w, https:\/\/mycielewo.pl\/wp-content\/uploads\/2022\/06\/image7-3-141x250.jpg 141w, https:\/\/mycielewo.pl\/wp-content\/uploads\/2022\/06\/image7-3.jpg 394w\" sizes=\"auto, (max-width: 169px) 100vw, 169px\" \/><\/a><\/figure>\n\n\n\n<figure class=\"wp-block-image size-large\"><a href=\"https:\/\/mycielewo.pl\/?attachment_id=31725\"><img loading=\"lazy\" decoding=\"async\" width=\"169\" height=\"300\" data-id=\"31725\" src=\"https:\/\/mycielewo.pl\/wp-content\/uploads\/2022\/06\/image8-3-169x300.jpg\" alt=\"\" class=\"wp-image-31725\" srcset=\"https:\/\/mycielewo.pl\/wp-content\/uploads\/2022\/06\/image8-3-169x300.jpg 169w, https:\/\/mycielewo.pl\/wp-content\/uploads\/2022\/06\/image8-3-141x250.jpg 141w, https:\/\/mycielewo.pl\/wp-content\/uploads\/2022\/06\/image8-3.jpg 394w\" sizes=\"auto, (max-width: 169px) 100vw, 169px\" \/><\/a><\/figure>\n\n\n\n<figure class=\"wp-block-image size-large\"><a href=\"https:\/\/mycielewo.pl\/?attachment_id=31724\"><img loading=\"lazy\" decoding=\"async\" width=\"169\" height=\"300\" data-id=\"31724\" src=\"https:\/\/mycielewo.pl\/wp-content\/uploads\/2022\/06\/image9-3-169x300.jpg\" alt=\"\" class=\"wp-image-31724\" srcset=\"https:\/\/mycielewo.pl\/wp-content\/uploads\/2022\/06\/image9-3-169x300.jpg 169w, https:\/\/mycielewo.pl\/wp-content\/uploads\/2022\/06\/image9-3-141x250.jpg 141w, https:\/\/mycielewo.pl\/wp-content\/uploads\/2022\/06\/image9-3.jpg 394w\" sizes=\"auto, (max-width: 169px) 100vw, 169px\" \/><\/a><\/figure>\n\n\n\n<figure class=\"wp-block-image size-large\"><a href=\"https:\/\/mycielewo.pl\/?attachment_id=31726\"><img loading=\"lazy\" decoding=\"async\" width=\"169\" height=\"300\" data-id=\"31726\" src=\"https:\/\/mycielewo.pl\/wp-content\/uploads\/2022\/06\/image10-3-169x300.jpg\" alt=\"\" class=\"wp-image-31726\" srcset=\"https:\/\/mycielewo.pl\/wp-content\/uploads\/2022\/06\/image10-3-169x300.jpg 169w, https:\/\/mycielewo.pl\/wp-content\/uploads\/2022\/06\/image10-3-141x250.jpg 141w, https:\/\/mycielewo.pl\/wp-content\/uploads\/2022\/06\/image10-3.jpg 394w\" sizes=\"auto, (max-width: 169px) 100vw, 169px\" \/><\/a><\/figure>\n\n\n\n<figure class=\"wp-block-image size-large\"><a href=\"https:\/\/mycielewo.pl\/?attachment_id=31728\"><img loading=\"lazy\" decoding=\"async\" width=\"169\" height=\"300\" data-id=\"31728\" src=\"https:\/\/mycielewo.pl\/wp-content\/uploads\/2022\/06\/image11-2-169x300.jpg\" alt=\"\" class=\"wp-image-31728\" srcset=\"https:\/\/mycielewo.pl\/wp-content\/uploads\/2022\/06\/image11-2-169x300.jpg 169w, https:\/\/mycielewo.pl\/wp-content\/uploads\/2022\/06\/image11-2-141x250.jpg 141w, https:\/\/mycielewo.pl\/wp-content\/uploads\/2022\/06\/image11-2.jpg 394w\" sizes=\"auto, (max-width: 169px) 100vw, 169px\" \/><\/a><\/figure>\n\n\n\n<figure class=\"wp-block-image size-large\"><a href=\"https:\/\/mycielewo.pl\/?attachment_id=31727\"><img loading=\"lazy\" decoding=\"async\" width=\"169\" height=\"300\" data-id=\"31727\" src=\"https:\/\/mycielewo.pl\/wp-content\/uploads\/2022\/06\/image12-1-169x300.jpg\" alt=\"\" class=\"wp-image-31727\" srcset=\"https:\/\/mycielewo.pl\/wp-content\/uploads\/2022\/06\/image12-1-169x300.jpg 169w, https:\/\/mycielewo.pl\/wp-content\/uploads\/2022\/06\/image12-1-141x250.jpg 141w, https:\/\/mycielewo.pl\/wp-content\/uploads\/2022\/06\/image12-1.jpg 394w\" sizes=\"auto, (max-width: 169px) 100vw, 169px\" \/><\/a><\/figure>\n<\/figure>\n\n\n\n<p>Sk\u0142adamy podzi\u0119kowanie IPN Delegatura w Bydgoszczy za wspania\u0142\u0105 organizacj\u0119 konkursu&nbsp; i serdeczn\u0105 atmosfer\u0119, Marysi natomiast gratulujemy sukcesu.<\/p>\n\n\n\n<p class=\"has-text-align-right\"><em>Szko\u0142a Podstawowa w Mycielewie<\/em><\/p>\n","protected":false},"excerpt":{"rendered":"<p>Mijaj\u0105cy tydzie\u0144 to pasmo sukces\u00f3w naszych uczni\u00f3w. Do wcze\u015bniejszych osi\u0105gni\u0119\u0107 nale\u017cy doda\u0107 sukces Marysi Kurtysiak z klasy II Szko\u0142y Podstawowej w Mycielewie, kt\u00f3ra sta\u0142a si\u0119 laureatk\u0105 konkursu&nbsp; \u201eZnak Polski Walcz\u0105cej\u201d, zdobywaj\u0105c w nim II miejsce w kategorii klas I\u2013III szk\u00f3\u0142 podstawowych wojew\u00f3dztwa kujawsko-pomorskiego. Konkurs zosta\u0142 og\u0142oszony w rocznic\u0119 powstania znaku Polski Walcz\u0105cej. Organizatorem by\u0142 Referat&hellip; <a class=\"continue\" href=\"https:\/\/mycielewo.pl\/?p=31709\">Kontynuuj czytanie<span> Marysia Kurtysiak laureatk\u0105 konkursu plastycznego \u201eZnak Polski Walcz\u0105cej\u201d<\/span><\/a><\/p>\n","protected":false},"author":1,"featured_media":0,"comment_status":"open","ping_status":"open","sticky":false,"template":"","format":"standard","meta":{"footnotes":""},"categories":[1],"tags":[],"class_list":["post-31709","post","type-post","status-publish","format-standard","hentry","category-bez-kategorii"],"_links":{"self":[{"href":"https:\/\/mycielewo.pl\/index.php?rest_route=\/wp\/v2\/posts\/31709","targetHints":{"allow":["GET"]}}],"collection":[{"href":"https:\/\/mycielewo.pl\/index.php?rest_route=\/wp\/v2\/posts"}],"about":[{"href":"https:\/\/mycielewo.pl\/index.php?rest_route=\/wp\/v2\/types\/post"}],"author":[{"embeddable":true,"href":"https:\/\/mycielewo.pl\/index.php?rest_route=\/wp\/v2\/users\/1"}],"replies":[{"embeddable":true,"href":"https:\/\/mycielewo.pl\/index.php?rest_route=%2Fwp%2Fv2%2Fcomments&post=31709"}],"version-history":[{"count":3,"href":"https:\/\/mycielewo.pl\/index.php?rest_route=\/wp\/v2\/posts\/31709\/revisions"}],"predecessor-version":[{"id":31730,"href":"https:\/\/mycielewo.pl\/index.php?rest_route=\/wp\/v2\/posts\/31709\/revisions\/31730"}],"wp:attachment":[{"href":"https:\/\/mycielewo.pl\/index.php?rest_route=%2Fwp%2Fv2%2Fmedia&parent=31709"}],"wp:term":[{"taxonomy":"category","embeddable":true,"href":"https:\/\/mycielewo.pl\/index.php?rest_route=%2Fwp%2Fv2%2Fcategories&post=31709"},{"taxonomy":"post_tag","embeddable":true,"href":"https:\/\/mycielewo.pl\/index.php?rest_route=%2Fwp%2Fv2%2Ftags&post=31709"}],"curies":[{"name":"wp","href":"https:\/\/api.w.org\/{rel}","templated":true}]}}