{"id":31695,"date":"2022-06-08T08:09:00","date_gmt":"2022-06-08T08:09:00","guid":{"rendered":"http:\/\/www.mycielewo.pl\/?p=31695"},"modified":"2022-06-12T14:11:50","modified_gmt":"2022-06-12T14:11:50","slug":"spacerkiem-po-swiecie","status":"publish","type":"post","link":"https:\/\/mycielewo.pl\/?p=31695","title":{"rendered":"Spacerkiem po \u015bwiecie"},"content":{"rendered":"\n<p><strong>\u00a0W ramach realizacji podstawy programowej z geografii, uczniowie klasy \u00f3smej wykonali projekty dotycz\u0105ce r\u00f3\u017cnych pa\u0144stw \u015bwiata. Wykonane prace maj\u0105 charakter przestrzenny i prezentuj\u0105 charakterystyczne dla kraju cechy, jak np. elementy krajobrazu przyrodniczego, zabytki, kuchni\u0119 i elementy kultury. <\/strong><\/p>\n\n\n\n<p>Przygotowane projekty zosta\u0142y zaprezentowane na wystawie dla ca\u0142ej spo\u0142eczno\u015bci szkolnej. Dzi\u0119kujemy uczniom klasy \u00f3smej za \u201ewprowadzenie\u201d nas w wakacyjny klimat. Mo\u017ce niejednemu z nas uda si\u0119 odwiedzi\u0107 w te wakacje kt\u00f3ry\u015b z zaprezentowanych kraj\u00f3w?\u00a0\u00a0\u00a0\u00a0\u00a0\u00a0\u00a0<\/p>\n\n\n\n<p class=\"has-text-align-right\"><em>J. Kozerewicz<\/em><\/p>\n\n\n\n<figure class=\"wp-block-gallery has-nested-images columns-6 is-cropped wp-block-gallery-2 is-layout-flex wp-block-gallery-is-layout-flex\">\n<figure class=\"wp-block-image size-large\"><a href=\"https:\/\/mycielewo.pl\/?attachment_id=31697\"><img loading=\"lazy\" decoding=\"async\" width=\"300\" height=\"225\" data-id=\"31697\" src=\"https:\/\/mycielewo.pl\/wp-content\/uploads\/2022\/06\/image1-4-300x225.jpg\" alt=\"\" class=\"wp-image-31697\" srcset=\"https:\/\/mycielewo.pl\/wp-content\/uploads\/2022\/06\/image1-4-300x225.jpg 300w, https:\/\/mycielewo.pl\/wp-content\/uploads\/2022\/06\/image1-4-250x188.jpg 250w, https:\/\/mycielewo.pl\/wp-content\/uploads\/2022\/06\/image1-4-768x576.jpg 768w, https:\/\/mycielewo.pl\/wp-content\/uploads\/2022\/06\/image1-4.jpg 900w\" sizes=\"auto, (max-width: 300px) 100vw, 300px\" \/><\/a><\/figure>\n\n\n\n<figure class=\"wp-block-image size-large\"><a href=\"https:\/\/mycielewo.pl\/?attachment_id=31699\"><img loading=\"lazy\" decoding=\"async\" width=\"300\" height=\"225\" data-id=\"31699\" src=\"https:\/\/mycielewo.pl\/wp-content\/uploads\/2022\/06\/image2-4-300x225.jpg\" alt=\"\" class=\"wp-image-31699\" srcset=\"https:\/\/mycielewo.pl\/wp-content\/uploads\/2022\/06\/image2-4-300x225.jpg 300w, https:\/\/mycielewo.pl\/wp-content\/uploads\/2022\/06\/image2-4-250x188.jpg 250w, https:\/\/mycielewo.pl\/wp-content\/uploads\/2022\/06\/image2-4-768x576.jpg 768w, https:\/\/mycielewo.pl\/wp-content\/uploads\/2022\/06\/image2-4.jpg 900w\" sizes=\"auto, (max-width: 300px) 100vw, 300px\" \/><\/a><\/figure>\n\n\n\n<figure class=\"wp-block-image size-large\"><a href=\"https:\/\/mycielewo.pl\/?attachment_id=31698\"><img loading=\"lazy\" decoding=\"async\" width=\"300\" height=\"225\" data-id=\"31698\" src=\"https:\/\/mycielewo.pl\/wp-content\/uploads\/2022\/06\/image3-3-300x225.jpg\" alt=\"\" class=\"wp-image-31698\" srcset=\"https:\/\/mycielewo.pl\/wp-content\/uploads\/2022\/06\/image3-3-300x225.jpg 300w, https:\/\/mycielewo.pl\/wp-content\/uploads\/2022\/06\/image3-3-250x188.jpg 250w, https:\/\/mycielewo.pl\/wp-content\/uploads\/2022\/06\/image3-3-768x576.jpg 768w, https:\/\/mycielewo.pl\/wp-content\/uploads\/2022\/06\/image3-3.jpg 900w\" sizes=\"auto, (max-width: 300px) 100vw, 300px\" \/><\/a><\/figure>\n\n\n\n<figure class=\"wp-block-image size-large\"><a href=\"https:\/\/mycielewo.pl\/?attachment_id=31700\"><img loading=\"lazy\" decoding=\"async\" width=\"300\" height=\"225\" data-id=\"31700\" src=\"https:\/\/mycielewo.pl\/wp-content\/uploads\/2022\/06\/image4-2-300x225.jpg\" alt=\"\" class=\"wp-image-31700\" srcset=\"https:\/\/mycielewo.pl\/wp-content\/uploads\/2022\/06\/image4-2-300x225.jpg 300w, https:\/\/mycielewo.pl\/wp-content\/uploads\/2022\/06\/image4-2-250x188.jpg 250w, https:\/\/mycielewo.pl\/wp-content\/uploads\/2022\/06\/image4-2-768x576.jpg 768w, https:\/\/mycielewo.pl\/wp-content\/uploads\/2022\/06\/image4-2.jpg 900w\" sizes=\"auto, (max-width: 300px) 100vw, 300px\" \/><\/a><\/figure>\n\n\n\n<figure class=\"wp-block-image size-large\"><a href=\"https:\/\/mycielewo.pl\/?attachment_id=31696\"><img loading=\"lazy\" decoding=\"async\" width=\"300\" height=\"147\" data-id=\"31696\" src=\"https:\/\/mycielewo.pl\/wp-content\/uploads\/2022\/06\/image5-2-300x147.jpg\" alt=\"\" class=\"wp-image-31696\" srcset=\"https:\/\/mycielewo.pl\/wp-content\/uploads\/2022\/06\/image5-2-300x147.jpg 300w, https:\/\/mycielewo.pl\/wp-content\/uploads\/2022\/06\/image5-2-250x122.jpg 250w, https:\/\/mycielewo.pl\/wp-content\/uploads\/2022\/06\/image5-2-768x375.jpg 768w, https:\/\/mycielewo.pl\/wp-content\/uploads\/2022\/06\/image5-2.jpg 900w\" sizes=\"auto, (max-width: 300px) 100vw, 300px\" \/><\/a><\/figure>\n\n\n\n<figure class=\"wp-block-image size-large\"><a href=\"https:\/\/mycielewo.pl\/?attachment_id=31703\"><img loading=\"lazy\" decoding=\"async\" width=\"300\" height=\"147\" data-id=\"31703\" src=\"https:\/\/mycielewo.pl\/wp-content\/uploads\/2022\/06\/image6-2-300x147.jpg\" alt=\"\" class=\"wp-image-31703\" srcset=\"https:\/\/mycielewo.pl\/wp-content\/uploads\/2022\/06\/image6-2-300x147.jpg 300w, https:\/\/mycielewo.pl\/wp-content\/uploads\/2022\/06\/image6-2-250x122.jpg 250w, https:\/\/mycielewo.pl\/wp-content\/uploads\/2022\/06\/image6-2-768x375.jpg 768w, https:\/\/mycielewo.pl\/wp-content\/uploads\/2022\/06\/image6-2.jpg 900w\" sizes=\"auto, (max-width: 300px) 100vw, 300px\" \/><\/a><\/figure>\n\n\n\n<figure class=\"wp-block-image size-large\"><a href=\"https:\/\/mycielewo.pl\/?attachment_id=31701\"><img loading=\"lazy\" decoding=\"async\" width=\"300\" height=\"147\" data-id=\"31701\" src=\"https:\/\/mycielewo.pl\/wp-content\/uploads\/2022\/06\/image7-2-300x147.jpg\" alt=\"\" class=\"wp-image-31701\" srcset=\"https:\/\/mycielewo.pl\/wp-content\/uploads\/2022\/06\/image7-2-300x147.jpg 300w, https:\/\/mycielewo.pl\/wp-content\/uploads\/2022\/06\/image7-2-250x122.jpg 250w, https:\/\/mycielewo.pl\/wp-content\/uploads\/2022\/06\/image7-2-768x375.jpg 768w, https:\/\/mycielewo.pl\/wp-content\/uploads\/2022\/06\/image7-2.jpg 900w\" sizes=\"auto, (max-width: 300px) 100vw, 300px\" \/><\/a><\/figure>\n\n\n\n<figure class=\"wp-block-image size-large\"><a href=\"https:\/\/mycielewo.pl\/?attachment_id=31702\"><img loading=\"lazy\" decoding=\"async\" width=\"300\" height=\"147\" data-id=\"31702\" src=\"https:\/\/mycielewo.pl\/wp-content\/uploads\/2022\/06\/image8-2-300x147.jpg\" alt=\"\" class=\"wp-image-31702\" srcset=\"https:\/\/mycielewo.pl\/wp-content\/uploads\/2022\/06\/image8-2-300x147.jpg 300w, https:\/\/mycielewo.pl\/wp-content\/uploads\/2022\/06\/image8-2-250x122.jpg 250w, https:\/\/mycielewo.pl\/wp-content\/uploads\/2022\/06\/image8-2-768x375.jpg 768w, https:\/\/mycielewo.pl\/wp-content\/uploads\/2022\/06\/image8-2.jpg 900w\" sizes=\"auto, (max-width: 300px) 100vw, 300px\" \/><\/a><\/figure>\n\n\n\n<figure class=\"wp-block-image size-large\"><a href=\"https:\/\/mycielewo.pl\/?attachment_id=31704\"><img loading=\"lazy\" decoding=\"async\" width=\"300\" height=\"147\" data-id=\"31704\" src=\"https:\/\/mycielewo.pl\/wp-content\/uploads\/2022\/06\/image9-2-300x147.jpg\" alt=\"\" class=\"wp-image-31704\" srcset=\"https:\/\/mycielewo.pl\/wp-content\/uploads\/2022\/06\/image9-2-300x147.jpg 300w, https:\/\/mycielewo.pl\/wp-content\/uploads\/2022\/06\/image9-2-250x122.jpg 250w, https:\/\/mycielewo.pl\/wp-content\/uploads\/2022\/06\/image9-2-768x375.jpg 768w, https:\/\/mycielewo.pl\/wp-content\/uploads\/2022\/06\/image9-2.jpg 900w\" sizes=\"auto, (max-width: 300px) 100vw, 300px\" \/><\/a><\/figure>\n\n\n\n<figure class=\"wp-block-image size-large\"><a href=\"https:\/\/mycielewo.pl\/?attachment_id=31705\"><img loading=\"lazy\" decoding=\"async\" width=\"300\" height=\"147\" data-id=\"31705\" src=\"https:\/\/mycielewo.pl\/wp-content\/uploads\/2022\/06\/image10-2-300x147.jpg\" alt=\"\" class=\"wp-image-31705\" srcset=\"https:\/\/mycielewo.pl\/wp-content\/uploads\/2022\/06\/image10-2-300x147.jpg 300w, https:\/\/mycielewo.pl\/wp-content\/uploads\/2022\/06\/image10-2-250x122.jpg 250w, https:\/\/mycielewo.pl\/wp-content\/uploads\/2022\/06\/image10-2-768x375.jpg 768w, https:\/\/mycielewo.pl\/wp-content\/uploads\/2022\/06\/image10-2.jpg 900w\" sizes=\"auto, (max-width: 300px) 100vw, 300px\" \/><\/a><\/figure>\n\n\n\n<figure class=\"wp-block-image size-large\"><a href=\"https:\/\/mycielewo.pl\/?attachment_id=31706\"><img loading=\"lazy\" decoding=\"async\" width=\"300\" height=\"147\" data-id=\"31706\" src=\"https:\/\/mycielewo.pl\/wp-content\/uploads\/2022\/06\/image11-1-300x147.jpg\" alt=\"\" class=\"wp-image-31706\" srcset=\"https:\/\/mycielewo.pl\/wp-content\/uploads\/2022\/06\/image11-1-300x147.jpg 300w, https:\/\/mycielewo.pl\/wp-content\/uploads\/2022\/06\/image11-1-250x122.jpg 250w, https:\/\/mycielewo.pl\/wp-content\/uploads\/2022\/06\/image11-1-768x375.jpg 768w, https:\/\/mycielewo.pl\/wp-content\/uploads\/2022\/06\/image11-1.jpg 900w\" sizes=\"auto, (max-width: 300px) 100vw, 300px\" \/><\/a><\/figure>\n<\/figure>\n","protected":false},"excerpt":{"rendered":"<p>\u00a0W ramach realizacji podstawy programowej z geografii, uczniowie klasy \u00f3smej wykonali projekty dotycz\u0105ce r\u00f3\u017cnych pa\u0144stw \u015bwiata. Wykonane prace maj\u0105 charakter przestrzenny i prezentuj\u0105 charakterystyczne dla kraju cechy, jak np. elementy krajobrazu przyrodniczego, zabytki, kuchni\u0119 i elementy kultury. Przygotowane projekty zosta\u0142y zaprezentowane na wystawie dla ca\u0142ej spo\u0142eczno\u015bci szkolnej. Dzi\u0119kujemy uczniom klasy \u00f3smej za \u201ewprowadzenie\u201d nas w&hellip; <a class=\"continue\" href=\"https:\/\/mycielewo.pl\/?p=31695\">Kontynuuj czytanie<span> Spacerkiem po \u015bwiecie<\/span><\/a><\/p>\n","protected":false},"author":1,"featured_media":0,"comment_status":"open","ping_status":"open","sticky":false,"template":"","format":"standard","meta":{"footnotes":""},"categories":[1],"tags":[],"class_list":["post-31695","post","type-post","status-publish","format-standard","hentry","category-bez-kategorii"],"_links":{"self":[{"href":"https:\/\/mycielewo.pl\/index.php?rest_route=\/wp\/v2\/posts\/31695","targetHints":{"allow":["GET"]}}],"collection":[{"href":"https:\/\/mycielewo.pl\/index.php?rest_route=\/wp\/v2\/posts"}],"about":[{"href":"https:\/\/mycielewo.pl\/index.php?rest_route=\/wp\/v2\/types\/post"}],"author":[{"embeddable":true,"href":"https:\/\/mycielewo.pl\/index.php?rest_route=\/wp\/v2\/users\/1"}],"replies":[{"embeddable":true,"href":"https:\/\/mycielewo.pl\/index.php?rest_route=%2Fwp%2Fv2%2Fcomments&post=31695"}],"version-history":[{"count":2,"href":"https:\/\/mycielewo.pl\/index.php?rest_route=\/wp\/v2\/posts\/31695\/revisions"}],"predecessor-version":[{"id":31708,"href":"https:\/\/mycielewo.pl\/index.php?rest_route=\/wp\/v2\/posts\/31695\/revisions\/31708"}],"wp:attachment":[{"href":"https:\/\/mycielewo.pl\/index.php?rest_route=%2Fwp%2Fv2%2Fmedia&parent=31695"}],"wp:term":[{"taxonomy":"category","embeddable":true,"href":"https:\/\/mycielewo.pl\/index.php?rest_route=%2Fwp%2Fv2%2Fcategories&post=31695"},{"taxonomy":"post_tag","embeddable":true,"href":"https:\/\/mycielewo.pl\/index.php?rest_route=%2Fwp%2Fv2%2Ftags&post=31695"}],"curies":[{"name":"wp","href":"https:\/\/api.w.org\/{rel}","templated":true}]}}