{"id":31690,"date":"2022-06-07T08:02:00","date_gmt":"2022-06-07T08:02:00","guid":{"rendered":"http:\/\/www.mycielewo.pl\/?p=31690"},"modified":"2022-06-10T08:05:47","modified_gmt":"2022-06-10T08:05:47","slug":"test-predyspozycji-zawodowych%ef%bf%bc","status":"publish","type":"post","link":"https:\/\/mycielewo.pl\/?p=31690","title":{"rendered":"Test predyspozycji zawodowych\ufffc"},"content":{"rendered":"\n<p>7 czerwca uczniowie klasy 8 uczestniczyli w zaj\u0119ciach z doradztwa zawodowego. Podczas spotkania \u00f3smoklasi\u015bci rozwi\u0105zywali\u00a0test predyspozycji zawodowych, kt\u00f3rego wyniki otrzymaj\u0105 wkr\u00f3tce. Mamy nadziej\u0119, \u017ce u\u0142atwi\u0105 uczniom wybra\u0107 w\u0142a\u015bciw\u0105 dla nich \u015bcie\u017ck\u0119 zawodow\u0105. Zaj\u0119cia\u00a0przeprowadzi\u0142a Pani Sylwia Tomaszewska z Centrum Edukacji i Pracy M\u0142odzie\u017cy w Bydgoszczy.<\/p>\n\n\n\n<figure class=\"wp-block-gallery has-nested-images columns-default is-cropped wp-block-gallery-2 is-layout-flex wp-block-gallery-is-layout-flex\">\n<figure class=\"wp-block-image size-large\"><a href=\"https:\/\/mycielewo.pl\/?attachment_id=31692\"><img loading=\"lazy\" decoding=\"async\" width=\"300\" height=\"225\" data-id=\"31692\" src=\"https:\/\/mycielewo.pl\/wp-content\/uploads\/2022\/06\/image1-3-300x225.jpg\" alt=\"\" class=\"wp-image-31692\" srcset=\"https:\/\/mycielewo.pl\/wp-content\/uploads\/2022\/06\/image1-3-300x225.jpg 300w, https:\/\/mycielewo.pl\/wp-content\/uploads\/2022\/06\/image1-3-250x188.jpg 250w, https:\/\/mycielewo.pl\/wp-content\/uploads\/2022\/06\/image1-3-768x576.jpg 768w, https:\/\/mycielewo.pl\/wp-content\/uploads\/2022\/06\/image1-3.jpg 900w\" sizes=\"auto, (max-width: 300px) 100vw, 300px\" \/><\/a><\/figure>\n\n\n\n<figure class=\"wp-block-image size-large\"><a href=\"https:\/\/mycielewo.pl\/?attachment_id=31693\"><img loading=\"lazy\" decoding=\"async\" width=\"300\" height=\"225\" data-id=\"31693\" src=\"https:\/\/mycielewo.pl\/wp-content\/uploads\/2022\/06\/image2-3-300x225.jpg\" alt=\"\" class=\"wp-image-31693\" srcset=\"https:\/\/mycielewo.pl\/wp-content\/uploads\/2022\/06\/image2-3-300x225.jpg 300w, https:\/\/mycielewo.pl\/wp-content\/uploads\/2022\/06\/image2-3-250x188.jpg 250w, https:\/\/mycielewo.pl\/wp-content\/uploads\/2022\/06\/image2-3-768x576.jpg 768w, https:\/\/mycielewo.pl\/wp-content\/uploads\/2022\/06\/image2-3.jpg 900w\" sizes=\"auto, (max-width: 300px) 100vw, 300px\" \/><\/a><\/figure>\n<\/figure>\n\n\n\n<p class=\"has-text-align-right\"><em>M. Kwiatkowska<\/em><\/p>\n","protected":false},"excerpt":{"rendered":"<p>7 czerwca uczniowie klasy 8 uczestniczyli w zaj\u0119ciach z doradztwa zawodowego. Podczas spotkania \u00f3smoklasi\u015bci rozwi\u0105zywali\u00a0test predyspozycji zawodowych, kt\u00f3rego wyniki otrzymaj\u0105 wkr\u00f3tce. Mamy nadziej\u0119, \u017ce u\u0142atwi\u0105 uczniom wybra\u0107 w\u0142a\u015bciw\u0105 dla nich \u015bcie\u017ck\u0119 zawodow\u0105. Zaj\u0119cia\u00a0przeprowadzi\u0142a Pani Sylwia Tomaszewska z Centrum Edukacji i Pracy M\u0142odzie\u017cy w Bydgoszczy. M. Kwiatkowska<\/p>\n","protected":false},"author":1,"featured_media":0,"comment_status":"open","ping_status":"open","sticky":false,"template":"","format":"standard","meta":{"footnotes":""},"categories":[1],"tags":[],"class_list":["post-31690","post","type-post","status-publish","format-standard","hentry","category-bez-kategorii"],"_links":{"self":[{"href":"https:\/\/mycielewo.pl\/index.php?rest_route=\/wp\/v2\/posts\/31690","targetHints":{"allow":["GET"]}}],"collection":[{"href":"https:\/\/mycielewo.pl\/index.php?rest_route=\/wp\/v2\/posts"}],"about":[{"href":"https:\/\/mycielewo.pl\/index.php?rest_route=\/wp\/v2\/types\/post"}],"author":[{"embeddable":true,"href":"https:\/\/mycielewo.pl\/index.php?rest_route=\/wp\/v2\/users\/1"}],"replies":[{"embeddable":true,"href":"https:\/\/mycielewo.pl\/index.php?rest_route=%2Fwp%2Fv2%2Fcomments&post=31690"}],"version-history":[{"count":2,"href":"https:\/\/mycielewo.pl\/index.php?rest_route=\/wp\/v2\/posts\/31690\/revisions"}],"predecessor-version":[{"id":31694,"href":"https:\/\/mycielewo.pl\/index.php?rest_route=\/wp\/v2\/posts\/31690\/revisions\/31694"}],"wp:attachment":[{"href":"https:\/\/mycielewo.pl\/index.php?rest_route=%2Fwp%2Fv2%2Fmedia&parent=31690"}],"wp:term":[{"taxonomy":"category","embeddable":true,"href":"https:\/\/mycielewo.pl\/index.php?rest_route=%2Fwp%2Fv2%2Fcategories&post=31690"},{"taxonomy":"post_tag","embeddable":true,"href":"https:\/\/mycielewo.pl\/index.php?rest_route=%2Fwp%2Fv2%2Ftags&post=31690"}],"curies":[{"name":"wp","href":"https:\/\/api.w.org\/{rel}","templated":true}]}}