{"id":31684,"date":"2022-06-10T07:19:23","date_gmt":"2022-06-10T07:19:23","guid":{"rendered":"http:\/\/www.mycielewo.pl\/?p=31684"},"modified":"2022-06-10T07:21:25","modified_gmt":"2022-06-10T07:21:25","slug":"mycielewo-zwyciezylo-i-miejsce-w-polsce-w-projekcie-z-zus","status":"publish","type":"post","link":"https:\/\/mycielewo.pl\/?p=31684","title":{"rendered":"Mycielewo zwyci\u0119\u017cy\u0142o! I miejsce w Polsce w \u201eProjekcie z \u00a0ZUS\u201d"},"content":{"rendered":"\n<p>W roku szkolnym 2021\/2022 Szko\u0142a Podstawowa w Mycielewie przyst\u0105pi\u0142a do <strong>Projektu z ZUS<\/strong> \u2013 programu popularyzuj\u0105cego wiedz\u0119 z zakresu ubezpiecze\u0144 spo\u0142ecznych.\u00a0 Uczniowie \u00a0uczestniczyli w zaj\u0119ciach przygotowanych przez <strong>pedagog szkoln\u0105 Ma\u0142gorzat\u0119 Kwiatkowsk\u0105<\/strong>, na kt\u00f3rych dowiedzia\u0142y si\u0119, czym jest Zak\u0142ad Ubezpiecze\u0144 Spo\u0142ecznych, jakie s\u0105 jego podstawowe cele i za\u0142o\u017cenia.<\/p>\n\n\n\n<p>Podsumowaniem projektu by\u0142o przygotowanie plakatu, komiksu i filmu. Etap szkolny dostarczy\u0142 du\u017co emocji, a do wojew\u00f3dzkiego pojecha\u0142y prace:<\/p>\n\n\n\n<p>a) Plakat<strong> \u2013 Amelia G\u00f3rajewska, Amelia Paprocka, Oliwia Gembara, Nadia Witkowska i Igor Fornalczyk<\/strong><\/p>\n\n\n\n<p>b) Komiks<strong> \u2013 Lena Ol\u0119dzka, Maria Rubaszewska, Nicolas Szpota\u0144ski, Martyna Wiekiera, Adrianna Stypczy\u0144ska<\/strong><\/p>\n\n\n\n<p>c) Film<strong> \u2013 Pawe\u0142 Trzebiatowski, Katarzyna Buksa, Stanis\u0142aw Nowakowski, Julia Czechowska, Miko\u0142aj Pezacki<\/strong><\/p>\n\n\n\n<p><strong>13 maja 2022 r. otrzymali\u015bmy radosn\u0105 informacj\u0119 o zaj\u0119ciu <\/strong><strong>II miejsca w wojew\u00f3dztwie w kategorii KOMIKS i I miejsca<\/strong><strong> w kategorii <\/strong><strong>FILM<\/strong><strong>, a tym samym o zakwalifikowaniu si\u0119 do etapu og\u00f3lnopolskiego!<\/strong><\/p>\n\n\n\n<p>6 czerwca 2022 roku na stronie internetowej ZUS og\u0142oszono wyniki etapu krajowego: <strong>I miejsce w Polsce w kategorii FILM zdobyli uczniowie ze Szko\u0142y Podstawowej w Mycielewie!<\/strong><strong> <\/strong>Scenariusz opracowa\u0142a <strong>Anna Pyszczy\u0144ska<\/strong>, w zdj\u0119ciach i monta\u017cu pomaga\u0142 <strong>Wawrzyn Nowak<\/strong>. W konkursie wzi\u0119\u0142o udzia\u0142 ponad tysi\u0105c prac z ca\u0142ej Polski. Zwyci\u0119zcom gratulujemy wielkiego sukcesu. Wkr\u00f3tce uroczyste wr\u0119czenie nagr\u00f3d. Zach\u0119camy do obejrzenia prac konkursowych naszych uczni\u00f3w.<\/p>\n\n\n\n<figure class=\"wp-block-gallery has-nested-images columns-default is-cropped wp-block-gallery-2 is-layout-flex wp-block-gallery-is-layout-flex\">\n<figure class=\"wp-block-image size-large\"><a href=\"https:\/\/mycielewo.pl\/?attachment_id=31687\"><img loading=\"lazy\" decoding=\"async\" width=\"225\" height=\"300\" data-id=\"31687\" src=\"https:\/\/mycielewo.pl\/wp-content\/uploads\/2022\/06\/image1-2-225x300.jpg\" alt=\"\" class=\"wp-image-31687\" srcset=\"https:\/\/mycielewo.pl\/wp-content\/uploads\/2022\/06\/image1-2-225x300.jpg 225w, https:\/\/mycielewo.pl\/wp-content\/uploads\/2022\/06\/image1-2-188x250.jpg 188w, https:\/\/mycielewo.pl\/wp-content\/uploads\/2022\/06\/image1-2.jpg 525w\" sizes=\"auto, (max-width: 225px) 100vw, 225px\" \/><\/a><\/figure>\n\n\n\n<figure class=\"wp-block-image size-large\"><a href=\"https:\/\/mycielewo.pl\/?attachment_id=31688\"><img loading=\"lazy\" decoding=\"async\" width=\"300\" height=\"225\" data-id=\"31688\" src=\"https:\/\/mycielewo.pl\/wp-content\/uploads\/2022\/06\/image2-2-300x225.jpg\" alt=\"\" class=\"wp-image-31688\" srcset=\"https:\/\/mycielewo.pl\/wp-content\/uploads\/2022\/06\/image2-2-300x225.jpg 300w, https:\/\/mycielewo.pl\/wp-content\/uploads\/2022\/06\/image2-2-250x188.jpg 250w, https:\/\/mycielewo.pl\/wp-content\/uploads\/2022\/06\/image2-2-768x576.jpg 768w, https:\/\/mycielewo.pl\/wp-content\/uploads\/2022\/06\/image2-2.jpg 900w\" sizes=\"auto, (max-width: 300px) 100vw, 300px\" \/><\/a><\/figure>\n\n\n\n<figure class=\"wp-block-image size-large\"><a href=\"https:\/\/mycielewo.pl\/?attachment_id=31686\"><img loading=\"lazy\" decoding=\"async\" width=\"300\" height=\"225\" data-id=\"31686\" src=\"https:\/\/mycielewo.pl\/wp-content\/uploads\/2022\/06\/image3-2-300x225.jpg\" alt=\"\" class=\"wp-image-31686\" srcset=\"https:\/\/mycielewo.pl\/wp-content\/uploads\/2022\/06\/image3-2-300x225.jpg 300w, https:\/\/mycielewo.pl\/wp-content\/uploads\/2022\/06\/image3-2-250x188.jpg 250w, https:\/\/mycielewo.pl\/wp-content\/uploads\/2022\/06\/image3-2-768x576.jpg 768w, https:\/\/mycielewo.pl\/wp-content\/uploads\/2022\/06\/image3-2.jpg 900w\" sizes=\"auto, (max-width: 300px) 100vw, 300px\" \/><\/a><\/figure>\n<\/figure>\n\n\n\n<p>Link do podsumowania projektu:<\/p>\n\n\n\n<p><a href=\"https:\/\/www.zus.pl\/edukacja\/szkoly-podstawowe\/projekt-z-zus\/konkurs\">https:\/\/www.zus.pl\/edukacja\/szkoly-podstawowe\/projekt-z-zus\/konkurs<\/a><\/p>\n\n\n\n<p>Link do zwyci\u0119skiego filmu:<\/p>\n\n\n\n<figure class=\"wp-block-embed is-type-video is-provider-youtube wp-block-embed-youtube wp-embed-aspect-16-9 wp-has-aspect-ratio\"><div class=\"wp-block-embed__wrapper\">\n<iframe loading=\"lazy\" title=\"Projekt z ZUS Szko\u0142a Podstawowa w Mycielewie - pierwsze miejsce w Polsce\" width=\"830\" height=\"467\" src=\"https:\/\/www.youtube.com\/embed\/jEpOkQ6kCVA?feature=oembed\" frameborder=\"0\" allow=\"accelerometer; autoplay; clipboard-write; encrypted-media; gyroscope; picture-in-picture; web-share\" allowfullscreen><\/iframe>\n<\/div><\/figure>\n\n\n\n<p class=\"has-text-align-right\"><em>Anna Pyszczy\u0144ska<\/em><\/p>\n","protected":false},"excerpt":{"rendered":"<p>W roku szkolnym 2021\/2022 Szko\u0142a Podstawowa w Mycielewie przyst\u0105pi\u0142a do Projektu z ZUS \u2013 programu popularyzuj\u0105cego wiedz\u0119 z zakresu ubezpiecze\u0144 spo\u0142ecznych.\u00a0 Uczniowie \u00a0uczestniczyli w zaj\u0119ciach przygotowanych przez pedagog szkoln\u0105 Ma\u0142gorzat\u0119 Kwiatkowsk\u0105, na kt\u00f3rych dowiedzia\u0142y si\u0119, czym jest Zak\u0142ad Ubezpiecze\u0144 Spo\u0142ecznych, jakie s\u0105 jego podstawowe cele i za\u0142o\u017cenia. Podsumowaniem projektu by\u0142o przygotowanie plakatu, komiksu i filmu.&hellip; <a class=\"continue\" href=\"https:\/\/mycielewo.pl\/?p=31684\">Kontynuuj czytanie<span> Mycielewo zwyci\u0119\u017cy\u0142o! I miejsce w Polsce w \u201eProjekcie z \u00a0ZUS\u201d<\/span><\/a><\/p>\n","protected":false},"author":1,"featured_media":0,"comment_status":"open","ping_status":"open","sticky":false,"template":"","format":"standard","meta":{"footnotes":""},"categories":[1],"tags":[],"class_list":["post-31684","post","type-post","status-publish","format-standard","hentry","category-bez-kategorii"],"_links":{"self":[{"href":"https:\/\/mycielewo.pl\/index.php?rest_route=\/wp\/v2\/posts\/31684","targetHints":{"allow":["GET"]}}],"collection":[{"href":"https:\/\/mycielewo.pl\/index.php?rest_route=\/wp\/v2\/posts"}],"about":[{"href":"https:\/\/mycielewo.pl\/index.php?rest_route=\/wp\/v2\/types\/post"}],"author":[{"embeddable":true,"href":"https:\/\/mycielewo.pl\/index.php?rest_route=\/wp\/v2\/users\/1"}],"replies":[{"embeddable":true,"href":"https:\/\/mycielewo.pl\/index.php?rest_route=%2Fwp%2Fv2%2Fcomments&post=31684"}],"version-history":[{"count":2,"href":"https:\/\/mycielewo.pl\/index.php?rest_route=\/wp\/v2\/posts\/31684\/revisions"}],"predecessor-version":[{"id":31689,"href":"https:\/\/mycielewo.pl\/index.php?rest_route=\/wp\/v2\/posts\/31684\/revisions\/31689"}],"wp:attachment":[{"href":"https:\/\/mycielewo.pl\/index.php?rest_route=%2Fwp%2Fv2%2Fmedia&parent=31684"}],"wp:term":[{"taxonomy":"category","embeddable":true,"href":"https:\/\/mycielewo.pl\/index.php?rest_route=%2Fwp%2Fv2%2Fcategories&post=31684"},{"taxonomy":"post_tag","embeddable":true,"href":"https:\/\/mycielewo.pl\/index.php?rest_route=%2Fwp%2Fv2%2Ftags&post=31684"}],"curies":[{"name":"wp","href":"https:\/\/api.w.org\/{rel}","templated":true}]}}