{"id":31679,"date":"2022-06-06T10:03:25","date_gmt":"2022-06-06T10:03:25","guid":{"rendered":"http:\/\/www.mycielewo.pl\/?p=31679"},"modified":"2022-06-06T10:03:25","modified_gmt":"2022-06-06T10:03:25","slug":"spotkanie-z-wybitnym-fizykiem","status":"publish","type":"post","link":"https:\/\/mycielewo.pl\/?p=31679","title":{"rendered":"Spotkanie z wybitnym fizykiem"},"content":{"rendered":"\n<p><strong>7 czerwca 2022 roku, o godz. 18.00, w Bibliotece Publicznej w Szubinie odb\u0119dzie si\u0119 spotkanie z pochodz\u0105cym z Zalesia, absolwentem naszej szko\u0142y, prof. dr hab.  J\u00f3zefem Szudym. <\/strong><\/p>\n\n\n\n<p>&#8222;<strong>J\u00f3zef Szudy<\/strong>\u00a0(ur.\u00a0<a href=\"https:\/\/pl.wikipedia.org\/wiki\/20_sierpnia\">20 sierpnia<\/a>\u00a0<a href=\"https:\/\/pl.wikipedia.org\/wiki\/1939\">1939<\/a>) \u2013 polski profesor\u00a0<a href=\"https:\/\/pl.wikipedia.org\/wiki\/Nauki_fizyczne\">nauk fizycznych<\/a>. Specjalizuje si\u0119 w zagadnieniach z zakresu szeroko poj\u0119tej\u00a0<a href=\"https:\/\/pl.wikipedia.org\/wiki\/Fizyka\">fizyki<\/a>\u00a0(w tym\u00a0<a href=\"https:\/\/pl.wikipedia.org\/wiki\/Fizyka_atomowa\">fizyki atomowej<\/a>,\u00a0<a href=\"https:\/\/pl.wikipedia.org\/wiki\/Fizyka_molekularna\">molekularnej<\/a>,\u00a0<a href=\"https:\/\/pl.wikipedia.org\/wiki\/Optyka\">optycznej<\/a>\u00a0oraz\u00a0<a href=\"https:\/\/pl.wikipedia.org\/wiki\/Zderzenie\">fizyki zderze\u0144<\/a>). Cz\u0142onek korespondent\u00a0<a href=\"https:\/\/pl.wikipedia.org\/wiki\/Polska_Akademia_Nauk\">Polskiej Akademii Nauk<\/a>\u00a0od 2004 roku<sup><a href=\"https:\/\/pl.wikipedia.org\/wiki\/J%C3%B3zef_Szudy#cite_note-:0-1\">[1]<\/a><\/sup>. By\u0142y wyk\u0142adowca\u00a0<a href=\"https:\/\/pl.wikipedia.org\/wiki\/Wydzia%C5%82_Fizyki,_Astronomii_i_Informatyki_Stosowanej_Uniwersytetu_Miko%C5%82aja_Kopernika_w_Toruniu\">Wydzia\u0142u Fizyki, Astronomii i Informatyki Stosowanej Uniwersytetu Miko\u0142aja Kopernika w Toruniu<\/a>.<\/p>\n\n\n\n<p>Doktoryzowa\u0142 si\u0119 w 1968 roku, habilitacj\u0119 otrzyma\u0142 w 1977 roku. Tytu\u0142 profesora nauk fizycznych nadano mu dziesi\u0119\u0107 lat p\u00f3\u017aniej.<\/p>\n\n\n\n<p>Uhonorowany m.in:<\/p>\n\n\n\n<ul class=\"wp-block-list\"><li>Nagrod\u0105 Naukow\u0105 Polskiego Towarzystwa Fizycznego (1985)<\/li><li>Tytu\u0142em Honorowego Obywatela Gminy Kcynia (2014).&#8221; <\/li><\/ul>\n\n\n\n<p><em>informacje ze strony <a href=\"https:\/\/pl.wikipedia.org\/wiki\/J%C3%B3zef_Szudy\">J\u00f3zef Szudy \u2013 Wikipedia, wolna encyklopedia<\/a><\/em><\/p>\n\n\n\n<p> &#8222;W 2020 roku <strong>prof. dr hab. J\u00f3zef Szudy zosta\u0142 uhonorowany<\/strong>\u00a0podczas \u015awi\u0119ta Uniwersytetu specjalnym wyr\u00f3\u017cnieniem Uniwersytetu Miko\u0142aja Kopernika w Toruniu \u2013<strong>\u00a0Convallaria Copernicana<\/strong>.<\/p>\n\n\n\n<p>Wyr\u00f3\u017cnienie Convallaria Copernicana jest przyznawane przez Senat uczelni za wybitny wk\u0142ad w nauk\u0119 lub szczeg\u00f3lne zas\u0142ugi dla rozwoju Uniwersytetu. Nazw\u0119 &#8222;Convallaria Copernicana&#8221; &#8211; Konwalia Kopernika\u0144ska zaproponowa\u0142a dr Cecylia Iwaniszewska.&#8221;<\/p>\n\n\n\n<p><em>informacje ze strony<\/em> <a href=\"https:\/\/int.umk.pl\/?id=16943\">Instytut Nauk Technicznych &#8211; Uniwersytet Miko\u0142aja Kopernika w Toruniu (umk.pl)<\/a><\/p>\n\n\n\n<p><\/p>\n\n\n<div class=\"wp-block-image\">\n<figure class=\"aligncenter size-large\"><img loading=\"lazy\" decoding=\"async\" width=\"298\" height=\"300\" src=\"https:\/\/mycielewo.pl\/wp-content\/uploads\/2022\/06\/image-298x300.png\" alt=\"\" class=\"wp-image-31680\" srcset=\"https:\/\/mycielewo.pl\/wp-content\/uploads\/2022\/06\/image-298x300.png 298w, https:\/\/mycielewo.pl\/wp-content\/uploads\/2022\/06\/image-248x250.png 248w, https:\/\/mycielewo.pl\/wp-content\/uploads\/2022\/06\/image-60x60.png 60w, https:\/\/mycielewo.pl\/wp-content\/uploads\/2022\/06\/image-768x773.png 768w, https:\/\/mycielewo.pl\/wp-content\/uploads\/2022\/06\/image-1526x1536.png 1526w, https:\/\/mycielewo.pl\/wp-content\/uploads\/2022\/06\/image.png 2035w\" sizes=\"auto, (max-width: 298px) 100vw, 298px\" \/><\/figure>\n<\/div>\n\n\n<p><em>plakat ze strony Biblioteki Publicznej w Szubinie<\/em><\/p>\n","protected":false},"excerpt":{"rendered":"<p>7 czerwca 2022 roku, o godz. 18.00, w Bibliotece Publicznej w Szubinie odb\u0119dzie si\u0119 spotkanie z pochodz\u0105cym z Zalesia, absolwentem naszej szko\u0142y, prof. dr hab. J\u00f3zefem Szudym. &#8222;J\u00f3zef Szudy\u00a0(ur.\u00a020 sierpnia\u00a01939) \u2013 polski profesor\u00a0nauk fizycznych. Specjalizuje si\u0119 w zagadnieniach z zakresu szeroko poj\u0119tej\u00a0fizyki\u00a0(w tym\u00a0fizyki atomowej,\u00a0molekularnej,\u00a0optycznej\u00a0oraz\u00a0fizyki zderze\u0144). Cz\u0142onek korespondent\u00a0Polskiej Akademii Nauk\u00a0od 2004 roku[1]. By\u0142y wyk\u0142adowca\u00a0Wydzia\u0142u Fizyki, Astronomii&hellip; <a class=\"continue\" href=\"https:\/\/mycielewo.pl\/?p=31679\">Kontynuuj czytanie<span> Spotkanie z wybitnym fizykiem<\/span><\/a><\/p>\n","protected":false},"author":4,"featured_media":0,"comment_status":"open","ping_status":"open","sticky":false,"template":"","format":"standard","meta":{"footnotes":""},"categories":[1],"tags":[],"class_list":["post-31679","post","type-post","status-publish","format-standard","hentry","category-bez-kategorii"],"_links":{"self":[{"href":"https:\/\/mycielewo.pl\/index.php?rest_route=\/wp\/v2\/posts\/31679","targetHints":{"allow":["GET"]}}],"collection":[{"href":"https:\/\/mycielewo.pl\/index.php?rest_route=\/wp\/v2\/posts"}],"about":[{"href":"https:\/\/mycielewo.pl\/index.php?rest_route=\/wp\/v2\/types\/post"}],"author":[{"embeddable":true,"href":"https:\/\/mycielewo.pl\/index.php?rest_route=\/wp\/v2\/users\/4"}],"replies":[{"embeddable":true,"href":"https:\/\/mycielewo.pl\/index.php?rest_route=%2Fwp%2Fv2%2Fcomments&post=31679"}],"version-history":[{"count":1,"href":"https:\/\/mycielewo.pl\/index.php?rest_route=\/wp\/v2\/posts\/31679\/revisions"}],"predecessor-version":[{"id":31681,"href":"https:\/\/mycielewo.pl\/index.php?rest_route=\/wp\/v2\/posts\/31679\/revisions\/31681"}],"wp:attachment":[{"href":"https:\/\/mycielewo.pl\/index.php?rest_route=%2Fwp%2Fv2%2Fmedia&parent=31679"}],"wp:term":[{"taxonomy":"category","embeddable":true,"href":"https:\/\/mycielewo.pl\/index.php?rest_route=%2Fwp%2Fv2%2Fcategories&post=31679"},{"taxonomy":"post_tag","embeddable":true,"href":"https:\/\/mycielewo.pl\/index.php?rest_route=%2Fwp%2Fv2%2Ftags&post=31679"}],"curies":[{"name":"wp","href":"https:\/\/api.w.org\/{rel}","templated":true}]}}