{"id":30219,"date":"2022-02-13T17:49:14","date_gmt":"2022-02-13T17:49:14","guid":{"rendered":"http:\/\/www.mycielewo.pl\/?p=30219"},"modified":"2022-02-13T17:50:18","modified_gmt":"2022-02-13T17:50:18","slug":"kondolencje-3","status":"publish","type":"post","link":"https:\/\/mycielewo.pl\/?p=30219","title":{"rendered":"Kondolencje"},"content":{"rendered":"\n<p><\/p>\n\n\n\n<p><\/p>\n\n\n\n<p><\/p>\n\n\n\n<p><\/p>\n\n\n\n<p class=\"has-text-align-center has-normal-font-size\"><em><em>&#8222;&#8230;Mo\u017cna odej\u015b\u0107 na zawsze, by stale by\u0107 blisko&#8221;<\/em>&nbsp;<\/em><\/p>\n\n\n\n<p><\/p>\n\n\n\n<p class=\"has-text-align-center has-normal-font-size\"><em><strong>Wyrazy g\u0142\u0119bokiego wsp\u00f3\u0142czucia<\/strong><\/em><\/p>\n\n\n\n<p class=\"has-text-align-center has-medium-font-size\"><em><strong>Pani Henryce Mickiewicz<\/strong><\/em><\/p>\n\n\n\n<p class=\"has-text-align-center has-normal-font-size\"><strong><em>z powodu \u015bmierci <\/em><\/strong><\/p>\n\n\n\n<p class=\"has-text-align-center has-medium-font-size\"><strong>Ojca <\/strong><\/p>\n\n\n\n<p class=\"has-text-align-center has-normal-font-size\"><em><strong>sk\u0142adaj\u0105<\/strong><\/em><\/p>\n\n\n\n<p class=\"has-text-align-center has-normal-font-size\"><strong><em>Dyrektor, Nauczyciele, Pracownicy Administracji i Obs\u0142ugi oraz Uczniowie<br>Szko\u0142y Podstawowej w Mycielewie<\/em><\/strong><\/p>\n","protected":false},"excerpt":{"rendered":"<p>&#8222;&#8230;Mo\u017cna odej\u015b\u0107 na zawsze, by stale by\u0107 blisko&#8221;&nbsp; Wyrazy g\u0142\u0119bokiego wsp\u00f3\u0142czucia Pani Henryce Mickiewicz z powodu \u015bmierci Ojca sk\u0142adaj\u0105 Dyrektor, Nauczyciele, Pracownicy Administracji i Obs\u0142ugi oraz UczniowieSzko\u0142y Podstawowej w Mycielewie<\/p>\n","protected":false},"author":4,"featured_media":0,"comment_status":"open","ping_status":"open","sticky":false,"template":"","format":"standard","meta":{"footnotes":""},"categories":[1],"tags":[],"class_list":["post-30219","post","type-post","status-publish","format-standard","hentry","category-bez-kategorii"],"_links":{"self":[{"href":"https:\/\/mycielewo.pl\/index.php?rest_route=\/wp\/v2\/posts\/30219","targetHints":{"allow":["GET"]}}],"collection":[{"href":"https:\/\/mycielewo.pl\/index.php?rest_route=\/wp\/v2\/posts"}],"about":[{"href":"https:\/\/mycielewo.pl\/index.php?rest_route=\/wp\/v2\/types\/post"}],"author":[{"embeddable":true,"href":"https:\/\/mycielewo.pl\/index.php?rest_route=\/wp\/v2\/users\/4"}],"replies":[{"embeddable":true,"href":"https:\/\/mycielewo.pl\/index.php?rest_route=%2Fwp%2Fv2%2Fcomments&post=30219"}],"version-history":[{"count":2,"href":"https:\/\/mycielewo.pl\/index.php?rest_route=\/wp\/v2\/posts\/30219\/revisions"}],"predecessor-version":[{"id":30221,"href":"https:\/\/mycielewo.pl\/index.php?rest_route=\/wp\/v2\/posts\/30219\/revisions\/30221"}],"wp:attachment":[{"href":"https:\/\/mycielewo.pl\/index.php?rest_route=%2Fwp%2Fv2%2Fmedia&parent=30219"}],"wp:term":[{"taxonomy":"category","embeddable":true,"href":"https:\/\/mycielewo.pl\/index.php?rest_route=%2Fwp%2Fv2%2Fcategories&post=30219"},{"taxonomy":"post_tag","embeddable":true,"href":"https:\/\/mycielewo.pl\/index.php?rest_route=%2Fwp%2Fv2%2Ftags&post=30219"}],"curies":[{"name":"wp","href":"https:\/\/api.w.org\/{rel}","templated":true}]}}