{"id":30217,"date":"2022-02-10T11:17:29","date_gmt":"2022-02-10T11:17:29","guid":{"rendered":"http:\/\/www.mycielewo.pl\/?p=30217"},"modified":"2022-02-10T11:17:29","modified_gmt":"2022-02-10T11:17:29","slug":"rozstrzygniecie-konkursu-i-sukces","status":"publish","type":"post","link":"https:\/\/mycielewo.pl\/?p=30217","title":{"rendered":"Rozstrzygni\u0119cie konkursu i sukces!"},"content":{"rendered":"\n<p><strong>Uczniowie Szko\u0142y Podstawowej w Mycielewie osi\u0105gn\u0119li sukces na szczeblu powiatowym w Konkursie Literackim pt. &#8222;Moja opowie\u015b\u0107 wigilijna&#8221;. Konkurs corocznie\u00a0organizowany\u00a0jest przez Nakielski O\u015brodek Kultury.<\/strong><\/p>\n\n\n\n<p>\u00a0\u00a0\u00a0\u00a0\u00a0\u00a0\u00a0\u00a0\u00a0\u00a0\u00a0<strong>Amadeusz Hak<\/strong> z klasy \u00f3smej zdoby\u0142 I miejsce, za\u015b jego brat <strong>Alan Hak<\/strong>, z klasy czwartej, II miejsce.\u00a0Nale\u017c\u0105 si\u0119 wielkie brawa! Uczniowie godnie reprezentowali nasz\u0105 szko\u0142\u0119.<\/p>\n\n\n\n<p class=\"has-text-align-right\"><em>Beata Janicka<\/em><\/p>\n","protected":false},"excerpt":{"rendered":"<p>Uczniowie Szko\u0142y Podstawowej w Mycielewie osi\u0105gn\u0119li sukces na szczeblu powiatowym w Konkursie Literackim pt. &#8222;Moja opowie\u015b\u0107 wigilijna&#8221;. Konkurs corocznie\u00a0organizowany\u00a0jest przez Nakielski O\u015brodek Kultury. \u00a0\u00a0\u00a0\u00a0\u00a0\u00a0\u00a0\u00a0\u00a0\u00a0\u00a0Amadeusz Hak z klasy \u00f3smej zdoby\u0142 I miejsce, za\u015b jego brat Alan Hak, z klasy czwartej, II miejsce.\u00a0Nale\u017c\u0105 si\u0119 wielkie brawa! Uczniowie godnie reprezentowali nasz\u0105 szko\u0142\u0119. Beata Janicka<\/p>\n","protected":false},"author":1,"featured_media":0,"comment_status":"open","ping_status":"open","sticky":false,"template":"","format":"standard","meta":{"footnotes":""},"categories":[1],"tags":[],"class_list":["post-30217","post","type-post","status-publish","format-standard","hentry","category-bez-kategorii"],"_links":{"self":[{"href":"https:\/\/mycielewo.pl\/index.php?rest_route=\/wp\/v2\/posts\/30217","targetHints":{"allow":["GET"]}}],"collection":[{"href":"https:\/\/mycielewo.pl\/index.php?rest_route=\/wp\/v2\/posts"}],"about":[{"href":"https:\/\/mycielewo.pl\/index.php?rest_route=\/wp\/v2\/types\/post"}],"author":[{"embeddable":true,"href":"https:\/\/mycielewo.pl\/index.php?rest_route=\/wp\/v2\/users\/1"}],"replies":[{"embeddable":true,"href":"https:\/\/mycielewo.pl\/index.php?rest_route=%2Fwp%2Fv2%2Fcomments&post=30217"}],"version-history":[{"count":1,"href":"https:\/\/mycielewo.pl\/index.php?rest_route=\/wp\/v2\/posts\/30217\/revisions"}],"predecessor-version":[{"id":30218,"href":"https:\/\/mycielewo.pl\/index.php?rest_route=\/wp\/v2\/posts\/30217\/revisions\/30218"}],"wp:attachment":[{"href":"https:\/\/mycielewo.pl\/index.php?rest_route=%2Fwp%2Fv2%2Fmedia&parent=30217"}],"wp:term":[{"taxonomy":"category","embeddable":true,"href":"https:\/\/mycielewo.pl\/index.php?rest_route=%2Fwp%2Fv2%2Fcategories&post=30217"},{"taxonomy":"post_tag","embeddable":true,"href":"https:\/\/mycielewo.pl\/index.php?rest_route=%2Fwp%2Fv2%2Ftags&post=30217"}],"curies":[{"name":"wp","href":"https:\/\/api.w.org\/{rel}","templated":true}]}}