{"id":30214,"date":"2022-02-09T19:01:16","date_gmt":"2022-02-09T19:01:16","guid":{"rendered":"http:\/\/www.mycielewo.pl\/?p=30214"},"modified":"2022-02-14T20:54:51","modified_gmt":"2022-02-14T20:54:51","slug":"komunikat-powrot-do-nauki-stacjonarnej","status":"publish","type":"post","link":"https:\/\/mycielewo.pl\/?p=30214","title":{"rendered":"Komunikat &#8211; powr\u00f3t do nauki stacjonarnej"},"content":{"rendered":"\n<p><strong>W dniu dzisiejszym MEiN poda\u0142, \u017ce zdalne nauczanie zostanie skr\u00f3cone i 21 lutego wszystkie klasy wr\u00f3c\u0105 do nauki stacjonarnej.<\/strong> <\/p>\n\n\n\n<p><strong>Do zobaczenia!<\/strong><\/p>\n\n\n\n<p>wi\u0119cej informacji na stronie: <a href=\"https:\/\/www.gov.pl\/web\/edukacja-i-nauka\/wracamy-do-nauki-stacjonarnej--konferencja-ministra-przemyslawa-czarnka-i-ministra-zdrowia-adama-niedzielskiego\">https:\/\/www.gov.pl\/web\/edukacja-i-nauka\/wracamy-do-nauki-stacjonarnej&#8211;konferencja-ministra-przemyslawa-czarnka-i-ministra-zdrowia-adama-niedzielskiego<\/a><\/p>\n","protected":false},"excerpt":{"rendered":"<p>W dniu dzisiejszym MEiN poda\u0142, \u017ce zdalne nauczanie zostanie skr\u00f3cone i 21 lutego wszystkie klasy wr\u00f3c\u0105 do nauki stacjonarnej. Do zobaczenia! wi\u0119cej informacji na stronie: https:\/\/www.gov.pl\/web\/edukacja-i-nauka\/wracamy-do-nauki-stacjonarnej&#8211;konferencja-ministra-przemyslawa-czarnka-i-ministra-zdrowia-adama-niedzielskiego<\/p>\n","protected":false},"author":4,"featured_media":0,"comment_status":"open","ping_status":"open","sticky":false,"template":"","format":"standard","meta":{"footnotes":""},"categories":[1],"tags":[],"class_list":["post-30214","post","type-post","status-publish","format-standard","hentry","category-bez-kategorii"],"_links":{"self":[{"href":"https:\/\/mycielewo.pl\/index.php?rest_route=\/wp\/v2\/posts\/30214","targetHints":{"allow":["GET"]}}],"collection":[{"href":"https:\/\/mycielewo.pl\/index.php?rest_route=\/wp\/v2\/posts"}],"about":[{"href":"https:\/\/mycielewo.pl\/index.php?rest_route=\/wp\/v2\/types\/post"}],"author":[{"embeddable":true,"href":"https:\/\/mycielewo.pl\/index.php?rest_route=\/wp\/v2\/users\/4"}],"replies":[{"embeddable":true,"href":"https:\/\/mycielewo.pl\/index.php?rest_route=%2Fwp%2Fv2%2Fcomments&post=30214"}],"version-history":[{"count":2,"href":"https:\/\/mycielewo.pl\/index.php?rest_route=\/wp\/v2\/posts\/30214\/revisions"}],"predecessor-version":[{"id":30234,"href":"https:\/\/mycielewo.pl\/index.php?rest_route=\/wp\/v2\/posts\/30214\/revisions\/30234"}],"wp:attachment":[{"href":"https:\/\/mycielewo.pl\/index.php?rest_route=%2Fwp%2Fv2%2Fmedia&parent=30214"}],"wp:term":[{"taxonomy":"category","embeddable":true,"href":"https:\/\/mycielewo.pl\/index.php?rest_route=%2Fwp%2Fv2%2Fcategories&post=30214"},{"taxonomy":"post_tag","embeddable":true,"href":"https:\/\/mycielewo.pl\/index.php?rest_route=%2Fwp%2Fv2%2Ftags&post=30214"}],"curies":[{"name":"wp","href":"https:\/\/api.w.org\/{rel}","templated":true}]}}