{"id":30211,"date":"2022-01-25T19:12:36","date_gmt":"2022-01-25T19:12:36","guid":{"rendered":"http:\/\/www.mycielewo.pl\/?p=30211"},"modified":"2022-01-25T19:12:36","modified_gmt":"2022-01-25T19:12:36","slug":"komunikat-32","status":"publish","type":"post","link":"https:\/\/mycielewo.pl\/?p=30211","title":{"rendered":"Komunikat"},"content":{"rendered":"\n<p><strong>  W dniu dzisiejszym, podczas konferencji prasowej, Minister Edukacji i Nauki og\u0142osi\u0142, \u017ce  klasy V &#8211; VIII przejd\u0105 na nauk\u0119 zdaln\u0105, kt\u00f3ra ma trwa\u0107 do 25.02.2022 r. Oznacza to, \u017ce od poniedzia\u0142ku 31 stycznia w tych klasach  lekcje b\u0119d\u0105 prowadzone zdalnie (platforma Teams).<\/strong><\/p>\n\n\n\n<p><strong>Oddzia\u0142y przedszkolne, klasy I &#8211; III oraz klasa IV b\u0119d\u0105 pracowa\u0107 w systemie stacjonarnym.<\/strong><\/p>\n\n\n\n<p><\/p>\n","protected":false},"excerpt":{"rendered":"<p>W dniu dzisiejszym, podczas konferencji prasowej, Minister Edukacji i Nauki og\u0142osi\u0142, \u017ce klasy V &#8211; VIII przejd\u0105 na nauk\u0119 zdaln\u0105, kt\u00f3ra ma trwa\u0107 do 25.02.2022 r. Oznacza to, \u017ce od poniedzia\u0142ku 31 stycznia w tych klasach lekcje b\u0119d\u0105 prowadzone zdalnie (platforma Teams). Oddzia\u0142y przedszkolne, klasy I &#8211; III oraz klasa IV b\u0119d\u0105 pracowa\u0107 w systemie&hellip; <a class=\"continue\" href=\"https:\/\/mycielewo.pl\/?p=30211\">Kontynuuj czytanie<span> Komunikat<\/span><\/a><\/p>\n","protected":false},"author":4,"featured_media":0,"comment_status":"open","ping_status":"open","sticky":false,"template":"","format":"standard","meta":{"footnotes":""},"categories":[1],"tags":[],"class_list":["post-30211","post","type-post","status-publish","format-standard","hentry","category-bez-kategorii"],"_links":{"self":[{"href":"https:\/\/mycielewo.pl\/index.php?rest_route=\/wp\/v2\/posts\/30211","targetHints":{"allow":["GET"]}}],"collection":[{"href":"https:\/\/mycielewo.pl\/index.php?rest_route=\/wp\/v2\/posts"}],"about":[{"href":"https:\/\/mycielewo.pl\/index.php?rest_route=\/wp\/v2\/types\/post"}],"author":[{"embeddable":true,"href":"https:\/\/mycielewo.pl\/index.php?rest_route=\/wp\/v2\/users\/4"}],"replies":[{"embeddable":true,"href":"https:\/\/mycielewo.pl\/index.php?rest_route=%2Fwp%2Fv2%2Fcomments&post=30211"}],"version-history":[{"count":1,"href":"https:\/\/mycielewo.pl\/index.php?rest_route=\/wp\/v2\/posts\/30211\/revisions"}],"predecessor-version":[{"id":30212,"href":"https:\/\/mycielewo.pl\/index.php?rest_route=\/wp\/v2\/posts\/30211\/revisions\/30212"}],"wp:attachment":[{"href":"https:\/\/mycielewo.pl\/index.php?rest_route=%2Fwp%2Fv2%2Fmedia&parent=30211"}],"wp:term":[{"taxonomy":"category","embeddable":true,"href":"https:\/\/mycielewo.pl\/index.php?rest_route=%2Fwp%2Fv2%2Fcategories&post=30211"},{"taxonomy":"post_tag","embeddable":true,"href":"https:\/\/mycielewo.pl\/index.php?rest_route=%2Fwp%2Fv2%2Ftags&post=30211"}],"curies":[{"name":"wp","href":"https:\/\/api.w.org\/{rel}","templated":true}]}}