{"id":27124,"date":"2020-03-11T12:40:02","date_gmt":"2020-03-11T12:40:02","guid":{"rendered":"http:\/\/www.mycielewo.interman.com.pl\/?p=27124"},"modified":"2020-03-11T22:04:50","modified_gmt":"2020-03-11T22:04:50","slug":"pilne-uwaga-rodzice-zawieszenie-zajec","status":"publish","type":"post","link":"https:\/\/mycielewo.pl\/?p=27124","title":{"rendered":"Pilne!!! Uwaga Rodzice &#8211; ZAWIESZENIE ZAJ\u0118\u0106!"},"content":{"rendered":"\n<p style=\"background-color:#fa0000;color:#eafc65\" class=\"has-text-color has-background has-text-align-center has-medium-font-size\"><strong>Od 16 do 25 marca 2020 r. zostaj\u0105 zawieszone zaj\u0119cia dydaktyczno-wychowawcze. Prosz\u0119 nie przysy\u0142a\u0107 dzieci do szko\u0142y.<\/strong><\/p>\n\n\n\n<p class=\"has-text-color has-vivid-red-color\">12 i 13 marca 2020 r. to dni, w kt\u00f3rych r\u00f3wnie\u017c nie b\u0119d\u0105\nodbywa\u0142y si\u0119 zaj\u0119cia dydaktyczno-wychowawcze. W szczeg\u00f3lnych sytuacjach jutro i\npojutrze b\u0119d\u0105 jedynie dzia\u0142ania opieku\u0144cze (w godz. od 8.35-15.00) dla tych\ndzieci, dla kt\u00f3rych rodzice nie zd\u0105\u017cyli zorganizowa\u0107 opieki (prosz\u0119 jednak nie\nprzysy\u0142a\u0107 dzieci przezi\u0119bionych, chorych). Dowozy (czwartek i pi\u0105tek) rano\nodbywa\u0107 si\u0119 b\u0119d\u0105 jak w ka\u017cdy dzie\u0144 funkcjonowania szko\u0142y.<\/p>\n\n\n\n<p class=\"has-text-color has-vivid-red-color\">W czasie zawieszenia zaj\u0119\u0107 wskazane jest ograniczenie: wizyt,\nprzemieszczania si\u0119, przebywania w miejscach publicznych.<\/p>\n\n\n\n<p class=\"has-text-color has-vivid-red-color\">Konieczne informacje b\u0119d\u0105 przekazywane Pa\u0144stwu przez stron\u0119\ninternetow\u0105 szko\u0142y.<\/p>\n\n\n\n<p class=\"has-text-color has-vivid-red-color\">Prosz\u0119 zapozna\u0107 si\u0119 ze stanowiskiem Ministerstwa Edukacji\nNarodowej zamieszczonym poni\u017cej.<\/p>\n\n\n\n<p><a href=\"https:\/\/www.gov.pl\/web\/edukacja\/zawieszenie-zajec-w-szkolach\">https:\/\/www.gov.pl\/web\/edukacja\/zawieszenie-zajec-w-szkolach<\/a><\/p>\n\n\n\n<p class=\"has-text-align-right\"><em>Katarzyna Walasiewicz, Dyrektor SP Mycielewo<\/em><\/p>\n","protected":false},"excerpt":{"rendered":"<p>Od 16 do 25 marca 2020 r. zostaj\u0105 zawieszone zaj\u0119cia dydaktyczno-wychowawcze. Prosz\u0119 nie przysy\u0142a\u0107 dzieci do szko\u0142y. 12 i 13 marca 2020 r. to dni, w kt\u00f3rych r\u00f3wnie\u017c nie b\u0119d\u0105 odbywa\u0142y si\u0119 zaj\u0119cia dydaktyczno-wychowawcze. W szczeg\u00f3lnych sytuacjach jutro i pojutrze b\u0119d\u0105 jedynie dzia\u0142ania opieku\u0144cze (w godz. od 8.35-15.00) dla tych dzieci, dla kt\u00f3rych rodzice nie&hellip; <a class=\"continue\" href=\"https:\/\/mycielewo.pl\/?p=27124\">Kontynuuj czytanie<span> Pilne!!! Uwaga Rodzice &#8211; ZAWIESZENIE ZAJ\u0118\u0106!<\/span><\/a><\/p>\n","protected":false},"author":1,"featured_media":0,"comment_status":"open","ping_status":"open","sticky":false,"template":"","format":"standard","meta":{"footnotes":""},"categories":[1],"tags":[],"class_list":["post-27124","post","type-post","status-publish","format-standard","hentry","category-bez-kategorii"],"_links":{"self":[{"href":"https:\/\/mycielewo.pl\/index.php?rest_route=\/wp\/v2\/posts\/27124","targetHints":{"allow":["GET"]}}],"collection":[{"href":"https:\/\/mycielewo.pl\/index.php?rest_route=\/wp\/v2\/posts"}],"about":[{"href":"https:\/\/mycielewo.pl\/index.php?rest_route=\/wp\/v2\/types\/post"}],"author":[{"embeddable":true,"href":"https:\/\/mycielewo.pl\/index.php?rest_route=\/wp\/v2\/users\/1"}],"replies":[{"embeddable":true,"href":"https:\/\/mycielewo.pl\/index.php?rest_route=%2Fwp%2Fv2%2Fcomments&post=27124"}],"version-history":[{"count":15,"href":"https:\/\/mycielewo.pl\/index.php?rest_route=\/wp\/v2\/posts\/27124\/revisions"}],"predecessor-version":[{"id":27140,"href":"https:\/\/mycielewo.pl\/index.php?rest_route=\/wp\/v2\/posts\/27124\/revisions\/27140"}],"wp:attachment":[{"href":"https:\/\/mycielewo.pl\/index.php?rest_route=%2Fwp%2Fv2%2Fmedia&parent=27124"}],"wp:term":[{"taxonomy":"category","embeddable":true,"href":"https:\/\/mycielewo.pl\/index.php?rest_route=%2Fwp%2Fv2%2Fcategories&post=27124"},{"taxonomy":"post_tag","embeddable":true,"href":"https:\/\/mycielewo.pl\/index.php?rest_route=%2Fwp%2Fv2%2Ftags&post=27124"}],"curies":[{"name":"wp","href":"https:\/\/api.w.org\/{rel}","templated":true}]}}