{"id":26966,"date":"2020-03-02T10:11:12","date_gmt":"2020-03-02T10:11:12","guid":{"rendered":"http:\/\/www.mycielewo.interman.com.pl\/?p=26966"},"modified":"2024-03-04T12:41:28","modified_gmt":"2024-03-04T12:41:28","slug":"wazne-profilaktyka-chorob-zakaznych","status":"publish","type":"post","link":"https:\/\/mycielewo.pl\/?p=26966","title":{"rendered":"Wa\u017cne! Profilaktyka chor\u00f3b zaka\u017anych"},"content":{"rendered":"\n<p> Maj\u0105c na uwadze fakt, \u017ce niekt\u00f3re choroby zaka\u017ane stanowi\u0105 obecnie wa\u017cny problem w dziedzinie zdrowia publicznego, r\u00f3\u017cne instytucje prosz\u0105\u00a0 o wzmocnienie dzia\u0142a\u0144 dotycz\u0105cych higieny, ze szczeg\u00f3lnym uwzgl\u0119dnieniem higieny r\u0105k. Takie dzia\u0142ania zosta\u0142y r\u00f3wnie\u017c wzmocnione w naszej szkole.<br>Wielu specjalist\u00f3w podkre\u015bla, \u017ce podstawowe zasady higieny sprzyjaj\u0105 profilaktyce chor\u00f3b zaka\u017anych i maj\u0105 ogromne znaczenie dla zdrowia cz\u0142owieka, jednak nie zawsze s\u0105 w\u0142a\u015bciwie postrzegane.\u00a0<br>Zwracamy si\u0119 r\u00f3wnie\u017c z pro\u015bb\u0105, by nie posy\u0142a\u0107 przezi\u0119bionych i chorych dzieci do przedszkola i szko\u0142y.<br>Poni\u017cej przekazujemy otrzymane materia\u0142y dotycz\u0105ce profilaktyki chor\u00f3b zaka\u017anych i prosimy o zapoznanie si\u0119 z nimi.<\/p>\n\n\n\n<div class=\"wp-block-file\"><a href=\"http:\/\/mycielewo.pl\/wp-content\/uploads\/2020\/03\/Informacja-GIS-dla-os\u00f3b-powracajcych-z-P\u0142n.-W\u0142och_24.02.2020.pdf\">Informacja-GIS-dla-os\u00f3b-powracajcych-z-P\u0142n.-W\u0142och_24.02.2020<\/a><a href=\"http:\/\/mycielewo.pl\/wp-content\/uploads\/2020\/03\/Informacja-GIS-dla-os\u00f3b-powracajcych-z-P\u0142n.-W\u0142och_24.02.2020.pdf\" class=\"wp-block-file__button\">Pobierz<\/a><\/div>\n\n\n\n<p class=\"has-text-align-right\"><em>SP Mycielewo <\/em><\/p>\n\n\n\n<figure class=\"wp-block-gallery columns-3 is-cropped wp-block-gallery-2 is-layout-flex wp-block-gallery-is-layout-flex\"><ul class=\"blocks-gallery-grid\"><li class=\"blocks-gallery-item\"><figure><a href=\"http:\/\/mycielewo.pl\/?attachment_id=26969\"><img loading=\"lazy\" decoding=\"async\" width=\"218\" height=\"300\" src=\"http:\/\/mycielewo.pl\/wp-content\/uploads\/2020\/03\/Dzie\u0144-Mycia-R\u0105k-plakat-PIS-218x300.png\" alt=\"\" data-id=\"26969\" data-full-url=\"http:\/\/www.mycielewo.interman.com.pl\/wp-content\/uploads\/2020\/03\/Dzie\u0144-Mycia-R\u0105k-plakat-PIS.png\" data-link=\"http:\/\/www.mycielewo.interman.com.pl\/?attachment_id=26969\" class=\"wp-image-26969\" srcset=\"https:\/\/mycielewo.pl\/wp-content\/uploads\/2020\/03\/Dzie\u0144-Mycia-R\u0105k-plakat-PIS-218x300.png 218w, https:\/\/mycielewo.pl\/wp-content\/uploads\/2020\/03\/Dzie\u0144-Mycia-R\u0105k-plakat-PIS-181x250.png 181w, https:\/\/mycielewo.pl\/wp-content\/uploads\/2020\/03\/Dzie\u0144-Mycia-R\u0105k-plakat-PIS.png 696w\" sizes=\"auto, (max-width: 218px) 100vw, 218px\" \/><\/a><\/figure><\/li><li class=\"blocks-gallery-item\"><figure><a href=\"http:\/\/mycielewo.pl\/?attachment_id=26970\"><img loading=\"lazy\" decoding=\"async\" width=\"212\" height=\"300\" src=\"http:\/\/mycielewo.pl\/wp-content\/uploads\/2020\/03\/HIGIENA-r\u0105k-212x300.jpg\" alt=\"\" data-id=\"26970\" data-full-url=\"http:\/\/www.mycielewo.interman.com.pl\/wp-content\/uploads\/2020\/03\/HIGIENA-r\u0105k-scaled.jpg\" data-link=\"http:\/\/www.mycielewo.interman.com.pl\/?attachment_id=26970\" class=\"wp-image-26970\" srcset=\"https:\/\/mycielewo.pl\/wp-content\/uploads\/2020\/03\/HIGIENA-r\u0105k-212x300.jpg 212w, https:\/\/mycielewo.pl\/wp-content\/uploads\/2020\/03\/HIGIENA-r\u0105k-177x250.jpg 177w, https:\/\/mycielewo.pl\/wp-content\/uploads\/2020\/03\/HIGIENA-r\u0105k-768x1086.jpg 768w, https:\/\/mycielewo.pl\/wp-content\/uploads\/2020\/03\/HIGIENA-r\u0105k-1086x1536.jpg 1086w, https:\/\/mycielewo.pl\/wp-content\/uploads\/2020\/03\/HIGIENA-r\u0105k-1448x2048.jpg 1448w, https:\/\/mycielewo.pl\/wp-content\/uploads\/2020\/03\/HIGIENA-r\u0105k-scaled.jpg 1810w\" sizes=\"auto, (max-width: 212px) 100vw, 212px\" \/><\/a><\/figure><\/li><li class=\"blocks-gallery-item\"><figure><a href=\"http:\/\/mycielewo.pl\/?attachment_id=26971\"><img loading=\"lazy\" decoding=\"async\" width=\"209\" height=\"300\" src=\"http:\/\/mycielewo.pl\/wp-content\/uploads\/2020\/03\/HIGIENA33-r\u0105k-209x300.jpg\" alt=\"\" data-id=\"26971\" data-full-url=\"http:\/\/www.mycielewo.interman.com.pl\/wp-content\/uploads\/2020\/03\/HIGIENA33-r\u0105k-scaled.jpg\" data-link=\"http:\/\/www.mycielewo.interman.com.pl\/?attachment_id=26971\" class=\"wp-image-26971\" srcset=\"https:\/\/mycielewo.pl\/wp-content\/uploads\/2020\/03\/HIGIENA33-r\u0105k-209x300.jpg 209w, https:\/\/mycielewo.pl\/wp-content\/uploads\/2020\/03\/HIGIENA33-r\u0105k-174x250.jpg 174w, https:\/\/mycielewo.pl\/wp-content\/uploads\/2020\/03\/HIGIENA33-r\u0105k-768x1104.jpg 768w, https:\/\/mycielewo.pl\/wp-content\/uploads\/2020\/03\/HIGIENA33-r\u0105k-1068x1536.jpg 1068w, https:\/\/mycielewo.pl\/wp-content\/uploads\/2020\/03\/HIGIENA33-r\u0105k-1424x2048.jpg 1424w, https:\/\/mycielewo.pl\/wp-content\/uploads\/2020\/03\/HIGIENA33-r\u0105k-scaled.jpg 1780w\" sizes=\"auto, (max-width: 209px) 100vw, 209px\" \/><\/a><\/figure><\/li><li class=\"blocks-gallery-item\"><figure><a href=\"http:\/\/mycielewo.pl\/?attachment_id=26972\"><img loading=\"lazy\" decoding=\"async\" width=\"232\" height=\"300\" src=\"http:\/\/mycielewo.pl\/wp-content\/uploads\/2020\/03\/mycie-r\u0105k-instrukcja-dezynfekcja-232x300.jpg\" alt=\"\" data-id=\"26972\" data-full-url=\"http:\/\/www.mycielewo.interman.com.pl\/wp-content\/uploads\/2020\/03\/mycie-r\u0105k-instrukcja-dezynfekcja.jpg\" data-link=\"http:\/\/www.mycielewo.interman.com.pl\/?attachment_id=26972\" class=\"wp-image-26972\" srcset=\"https:\/\/mycielewo.pl\/wp-content\/uploads\/2020\/03\/mycie-r\u0105k-instrukcja-dezynfekcja-232x300.jpg 232w, https:\/\/mycielewo.pl\/wp-content\/uploads\/2020\/03\/mycie-r\u0105k-instrukcja-dezynfekcja-194x250.jpg 194w, https:\/\/mycielewo.pl\/wp-content\/uploads\/2020\/03\/mycie-r\u0105k-instrukcja-dezynfekcja.jpg 483w\" sizes=\"auto, (max-width: 232px) 100vw, 232px\" \/><\/a><\/figure><\/li><li class=\"blocks-gallery-item\"><figure><a href=\"http:\/\/mycielewo.pl\/?attachment_id=26973\"><img loading=\"lazy\" decoding=\"async\" width=\"208\" height=\"300\" src=\"http:\/\/mycielewo.pl\/wp-content\/uploads\/2020\/03\/mycie-r\u0105k-instrukcja-WHO-208x300.jpg\" alt=\"\" data-id=\"26973\" data-full-url=\"http:\/\/www.mycielewo.interman.com.pl\/wp-content\/uploads\/2020\/03\/mycie-r\u0105k-instrukcja-WHO.jpg\" data-link=\"http:\/\/www.mycielewo.interman.com.pl\/?attachment_id=26973\" class=\"wp-image-26973\" srcset=\"https:\/\/mycielewo.pl\/wp-content\/uploads\/2020\/03\/mycie-r\u0105k-instrukcja-WHO-208x300.jpg 208w, https:\/\/mycielewo.pl\/wp-content\/uploads\/2020\/03\/mycie-r\u0105k-instrukcja-WHO-174x250.jpg 174w, https:\/\/mycielewo.pl\/wp-content\/uploads\/2020\/03\/mycie-r\u0105k-instrukcja-WHO.jpg 600w\" sizes=\"auto, (max-width: 208px) 100vw, 208px\" \/><\/a><\/figure><\/li><li class=\"blocks-gallery-item\"><figure><a href=\"http:\/\/mycielewo.pl\/?attachment_id=26974\"><img loading=\"lazy\" decoding=\"async\" width=\"215\" height=\"300\" src=\"http:\/\/mycielewo.pl\/wp-content\/uploads\/2020\/03\/WSSE-215x300.jpg\" alt=\"\" data-id=\"26974\" data-full-url=\"http:\/\/www.mycielewo.interman.com.pl\/wp-content\/uploads\/2020\/03\/WSSE-scaled.jpg\" data-link=\"http:\/\/www.mycielewo.interman.com.pl\/?attachment_id=26974\" class=\"wp-image-26974\" srcset=\"https:\/\/mycielewo.pl\/wp-content\/uploads\/2020\/03\/WSSE-215x300.jpg 215w, https:\/\/mycielewo.pl\/wp-content\/uploads\/2020\/03\/WSSE-179x250.jpg 179w, https:\/\/mycielewo.pl\/wp-content\/uploads\/2020\/03\/WSSE-768x1073.jpg 768w, https:\/\/mycielewo.pl\/wp-content\/uploads\/2020\/03\/WSSE-1099x1536.jpg 1099w, https:\/\/mycielewo.pl\/wp-content\/uploads\/2020\/03\/WSSE-1466x2048.jpg 1466w, https:\/\/mycielewo.pl\/wp-content\/uploads\/2020\/03\/WSSE-scaled.jpg 1832w\" sizes=\"auto, (max-width: 215px) 100vw, 215px\" \/><\/a><\/figure><\/li><\/ul><\/figure>\n","protected":false},"excerpt":{"rendered":"<p>Maj\u0105c na uwadze fakt, \u017ce niekt\u00f3re choroby zaka\u017ane stanowi\u0105 obecnie wa\u017cny problem w dziedzinie zdrowia publicznego, r\u00f3\u017cne instytucje prosz\u0105\u00a0 o wzmocnienie dzia\u0142a\u0144 dotycz\u0105cych higieny, ze szczeg\u00f3lnym uwzgl\u0119dnieniem higieny r\u0105k. Takie dzia\u0142ania zosta\u0142y r\u00f3wnie\u017c wzmocnione w naszej szkole.Wielu specjalist\u00f3w podkre\u015bla, \u017ce podstawowe zasady higieny sprzyjaj\u0105 profilaktyce chor\u00f3b zaka\u017anych i maj\u0105 ogromne znaczenie dla zdrowia cz\u0142owieka, jednak&hellip; <a class=\"continue\" href=\"https:\/\/mycielewo.pl\/?p=26966\">Kontynuuj czytanie<span> Wa\u017cne! Profilaktyka chor\u00f3b zaka\u017anych<\/span><\/a><\/p>\n","protected":false},"author":1,"featured_media":0,"comment_status":"open","ping_status":"open","sticky":false,"template":"","format":"standard","meta":{"footnotes":""},"categories":[9],"tags":[],"class_list":["post-26966","post","type-post","status-publish","format-standard","hentry","category-ogloszenia"],"_links":{"self":[{"href":"https:\/\/mycielewo.pl\/index.php?rest_route=\/wp\/v2\/posts\/26966","targetHints":{"allow":["GET"]}}],"collection":[{"href":"https:\/\/mycielewo.pl\/index.php?rest_route=\/wp\/v2\/posts"}],"about":[{"href":"https:\/\/mycielewo.pl\/index.php?rest_route=\/wp\/v2\/types\/post"}],"author":[{"embeddable":true,"href":"https:\/\/mycielewo.pl\/index.php?rest_route=\/wp\/v2\/users\/1"}],"replies":[{"embeddable":true,"href":"https:\/\/mycielewo.pl\/index.php?rest_route=%2Fwp%2Fv2%2Fcomments&post=26966"}],"version-history":[{"count":17,"href":"https:\/\/mycielewo.pl\/index.php?rest_route=\/wp\/v2\/posts\/26966\/revisions"}],"predecessor-version":[{"id":46753,"href":"https:\/\/mycielewo.pl\/index.php?rest_route=\/wp\/v2\/posts\/26966\/revisions\/46753"}],"wp:attachment":[{"href":"https:\/\/mycielewo.pl\/index.php?rest_route=%2Fwp%2Fv2%2Fmedia&parent=26966"}],"wp:term":[{"taxonomy":"category","embeddable":true,"href":"https:\/\/mycielewo.pl\/index.php?rest_route=%2Fwp%2Fv2%2Fcategories&post=26966"},{"taxonomy":"post_tag","embeddable":true,"href":"https:\/\/mycielewo.pl\/index.php?rest_route=%2Fwp%2Fv2%2Ftags&post=26966"}],"curies":[{"name":"wp","href":"https:\/\/api.w.org\/{rel}","templated":true}]}}