{"id":10636,"date":"2014-11-28T07:58:38","date_gmt":"2014-11-28T07:58:38","guid":{"rendered":"http:\/\/www.mycielewo.interman.com.pl\/?p=10636"},"modified":"2014-11-28T07:58:38","modified_gmt":"2014-11-28T07:58:38","slug":"mali-naukowcy","status":"publish","type":"post","link":"https:\/\/mycielewo.pl\/?p=10636","title":{"rendered":"Mali naukowcy"},"content":{"rendered":"<p>21 listopada w Zespole Szk\u00f3\u0142 w Mycielewie odby\u0142y si\u0119 \u201ePrelekcje dla przedszkolak\u00f3w\u201d w ramach II edycji projektu \u201eMa\u0142y Naukowiec II\u201d przygotowanego przez Urz\u0105d Marsza\u0142kowski w Toruniu. Szkole naszej, dzi\u0119ki p. Paulinie Otto uda\u0142o si\u0119 zakwalifikowa\u0107 do drugiej edycji tego projektu. Celem projektu jest rozwijanie zainteresowania najm\u0142odszych naukami \u015bcis\u0142ymi.<br \/>\nPrzedsi\u0119wzi\u0119cie to realizowa\u0142a\u00a0 Fundacja im. Aleksandra Jab\u0142o\u0144skiego.<br \/>\nSpotkanie sk\u0142ada\u0142o si\u0119 z dw\u00f3ch cz\u0119\u015bci: pokazowej oraz warsztatowej.<br \/>\nPodczas pokaz\u00f3w dzieci zobaczy\u0142y mi\u0119dzy innymi znikaj\u0105c\u0105 szklank\u0119, jajko zasysane do butelki czy \u00a0gaszenie p\u0142omienia d\u017awi\u0119kiem.<br \/>\nW cz\u0119\u015bci warsztatowej przedszkolacy tworzyli obrazy na ekranach pod has\u0142em \u201eOko i szkie\u0142ko\u201d, badali elektryzowanie za pomoc\u0105 balon\u00f3w, obserwowali tworzenie si\u0119 elektryczno\u015bci w kuli plazmowej oraz uczestniczyli w badaniu si\u0142y odrzutu podczas startu odlotowej rakiety.<br \/>\nMamy nadziej\u0119, \u017ce zaj\u0119cia rozbudzi\u0142y w\u015br\u00f3d maluch\u00f3w dzieci\u0119c\u0105 wyobra\u017ani\u0119 i zach\u0119ci\u0142y do odkrywania tajemnic przyrody.<\/p>\n<p style=\"text-align: right;\"><em>Tekst i foto Gabriela Wes\u00f3\u0142<\/em><\/p>\n<div id='gallery-1' class='gallery galleryid-10636 gallery-columns-5 gallery-size-thumbnail'><figure class='gallery-item'>\n\t\t\t<div class='gallery-icon portrait'>\n\t\t\t\t<a href='https:\/\/mycielewo.pl\/wp-content\/uploads\/2014\/11\/106.jpg'><img loading=\"lazy\" decoding=\"async\" width=\"60\" height=\"60\" src=\"https:\/\/mycielewo.pl\/wp-content\/uploads\/2014\/11\/106-60x60.jpg\" class=\"attachment-thumbnail size-thumbnail\" alt=\"\" \/><\/a>\n\t\t\t<\/div><\/figure><figure class='gallery-item'>\n\t\t\t<div class='gallery-icon landscape'>\n\t\t\t\t<a href='https:\/\/mycielewo.pl\/wp-content\/uploads\/2014\/11\/117.jpg'><img loading=\"lazy\" decoding=\"async\" width=\"60\" height=\"60\" src=\"https:\/\/mycielewo.pl\/wp-content\/uploads\/2014\/11\/117-60x60.jpg\" class=\"attachment-thumbnail size-thumbnail\" alt=\"\" \/><\/a>\n\t\t\t<\/div><\/figure><figure class='gallery-item'>\n\t\t\t<div class='gallery-icon portrait'>\n\t\t\t\t<a href='https:\/\/mycielewo.pl\/wp-content\/uploads\/2014\/11\/214.jpg'><img loading=\"lazy\" decoding=\"async\" width=\"60\" height=\"60\" src=\"https:\/\/mycielewo.pl\/wp-content\/uploads\/2014\/11\/214-60x60.jpg\" class=\"attachment-thumbnail size-thumbnail\" alt=\"\" \/><\/a>\n\t\t\t<\/div><\/figure><figure class='gallery-item'>\n\t\t\t<div class='gallery-icon landscape'>\n\t\t\t\t<a href='https:\/\/mycielewo.pl\/wp-content\/uploads\/2014\/11\/39.jpg'><img loading=\"lazy\" decoding=\"async\" width=\"60\" height=\"60\" src=\"https:\/\/mycielewo.pl\/wp-content\/uploads\/2014\/11\/39-60x60.jpg\" class=\"attachment-thumbnail size-thumbnail\" alt=\"\" \/><\/a>\n\t\t\t<\/div><\/figure><figure class='gallery-item'>\n\t\t\t<div class='gallery-icon portrait'>\n\t\t\t\t<a href='https:\/\/mycielewo.pl\/wp-content\/uploads\/2014\/11\/45.jpg'><img loading=\"lazy\" decoding=\"async\" width=\"60\" height=\"60\" src=\"https:\/\/mycielewo.pl\/wp-content\/uploads\/2014\/11\/45-60x60.jpg\" class=\"attachment-thumbnail size-thumbnail\" alt=\"\" \/><\/a>\n\t\t\t<\/div><\/figure><figure class='gallery-item'>\n\t\t\t<div class='gallery-icon portrait'>\n\t\t\t\t<a href='https:\/\/mycielewo.pl\/wp-content\/uploads\/2014\/11\/56.jpg'><img loading=\"lazy\" decoding=\"async\" width=\"60\" height=\"60\" src=\"https:\/\/mycielewo.pl\/wp-content\/uploads\/2014\/11\/56-60x60.jpg\" class=\"attachment-thumbnail size-thumbnail\" alt=\"\" \/><\/a>\n\t\t\t<\/div><\/figure><figure class='gallery-item'>\n\t\t\t<div class='gallery-icon landscape'>\n\t\t\t\t<a href='https:\/\/mycielewo.pl\/wp-content\/uploads\/2014\/11\/65.jpg'><img loading=\"lazy\" decoding=\"async\" width=\"60\" height=\"60\" src=\"https:\/\/mycielewo.pl\/wp-content\/uploads\/2014\/11\/65-60x60.jpg\" class=\"attachment-thumbnail size-thumbnail\" alt=\"\" \/><\/a>\n\t\t\t<\/div><\/figure><figure class='gallery-item'>\n\t\t\t<div class='gallery-icon landscape'>\n\t\t\t\t<a href='https:\/\/mycielewo.pl\/wp-content\/uploads\/2014\/11\/76.jpg'><img loading=\"lazy\" decoding=\"async\" width=\"60\" height=\"60\" src=\"https:\/\/mycielewo.pl\/wp-content\/uploads\/2014\/11\/76-60x60.jpg\" class=\"attachment-thumbnail size-thumbnail\" alt=\"\" \/><\/a>\n\t\t\t<\/div><\/figure><figure class='gallery-item'>\n\t\t\t<div class='gallery-icon portrait'>\n\t\t\t\t<a href='https:\/\/mycielewo.pl\/wp-content\/uploads\/2014\/11\/84.jpg'><img loading=\"lazy\" decoding=\"async\" width=\"60\" height=\"60\" src=\"https:\/\/mycielewo.pl\/wp-content\/uploads\/2014\/11\/84-60x60.jpg\" class=\"attachment-thumbnail size-thumbnail\" alt=\"\" \/><\/a>\n\t\t\t<\/div><\/figure><figure class='gallery-item'>\n\t\t\t<div class='gallery-icon portrait'>\n\t\t\t\t<a href='https:\/\/mycielewo.pl\/wp-content\/uploads\/2014\/11\/94.jpg'><img loading=\"lazy\" decoding=\"async\" width=\"60\" height=\"60\" src=\"https:\/\/mycielewo.pl\/wp-content\/uploads\/2014\/11\/94-60x60.jpg\" class=\"attachment-thumbnail size-thumbnail\" alt=\"\" \/><\/a>\n\t\t\t<\/div><\/figure>\n\t\t<\/div>\n\n","protected":false},"excerpt":{"rendered":"<p>21 listopada w Zespole Szk\u00f3\u0142 w Mycielewie odby\u0142y si\u0119 \u201ePrelekcje dla przedszkolak\u00f3w\u201d w ramach II edycji projektu \u201eMa\u0142y Naukowiec II\u201d przygotowanego przez Urz\u0105d Marsza\u0142kowski w Toruniu. Szkole naszej, dzi\u0119ki p. Paulinie Otto uda\u0142o si\u0119 zakwalifikowa\u0107 do drugiej edycji tego projektu. Celem projektu jest rozwijanie zainteresowania najm\u0142odszych naukami \u015bcis\u0142ymi. Przedsi\u0119wzi\u0119cie to realizowa\u0142a\u00a0 Fundacja im. Aleksandra Jab\u0142o\u0144skiego.&hellip; <a class=\"continue\" href=\"https:\/\/mycielewo.pl\/?p=10636\">Kontynuuj czytanie<span> Mali naukowcy<\/span><\/a><\/p>\n","protected":false},"author":1,"featured_media":0,"comment_status":"open","ping_status":"open","sticky":false,"template":"","format":"standard","meta":{"footnotes":""},"categories":[6],"tags":[],"class_list":["post-10636","post","type-post","status-publish","format-standard","hentry","category-przedszkole"],"_links":{"self":[{"href":"https:\/\/mycielewo.pl\/index.php?rest_route=\/wp\/v2\/posts\/10636","targetHints":{"allow":["GET"]}}],"collection":[{"href":"https:\/\/mycielewo.pl\/index.php?rest_route=\/wp\/v2\/posts"}],"about":[{"href":"https:\/\/mycielewo.pl\/index.php?rest_route=\/wp\/v2\/types\/post"}],"author":[{"embeddable":true,"href":"https:\/\/mycielewo.pl\/index.php?rest_route=\/wp\/v2\/users\/1"}],"replies":[{"embeddable":true,"href":"https:\/\/mycielewo.pl\/index.php?rest_route=%2Fwp%2Fv2%2Fcomments&post=10636"}],"version-history":[{"count":1,"href":"https:\/\/mycielewo.pl\/index.php?rest_route=\/wp\/v2\/posts\/10636\/revisions"}],"predecessor-version":[{"id":10647,"href":"https:\/\/mycielewo.pl\/index.php?rest_route=\/wp\/v2\/posts\/10636\/revisions\/10647"}],"wp:attachment":[{"href":"https:\/\/mycielewo.pl\/index.php?rest_route=%2Fwp%2Fv2%2Fmedia&parent=10636"}],"wp:term":[{"taxonomy":"category","embeddable":true,"href":"https:\/\/mycielewo.pl\/index.php?rest_route=%2Fwp%2Fv2%2Fcategories&post=10636"},{"taxonomy":"post_tag","embeddable":true,"href":"https:\/\/mycielewo.pl\/index.php?rest_route=%2Fwp%2Fv2%2Ftags&post=10636"}],"curies":[{"name":"wp","href":"https:\/\/api.w.org\/{rel}","templated":true}]}}