{"id":10532,"date":"2014-11-23T09:15:54","date_gmt":"2014-11-23T09:15:54","guid":{"rendered":"http:\/\/www.mycielewo.interman.com.pl\/?p=10532"},"modified":"2024-03-04T12:04:39","modified_gmt":"2024-03-04T12:04:39","slug":"czyste-rece-w-mycielewie","status":"publish","type":"post","link":"https:\/\/mycielewo.pl\/?p=10532","title":{"rendered":"Czyste r\u0119ce w Mycielewie"},"content":{"rendered":"<p>Nasza szko\u0142a ju\u017c po raz drugi bierze udzia\u0142 w akcji organizowanej przez firm\u0119 CAREX.<strong><br \/>\n<\/strong>Carex po raz pi\u0105ty zorganizowa\u0142 og\u00f3lnopolski program edukacyjny &#8222;Akademia Czystych R\u0105k Carex&#8221;, skierowany do uczni\u00f3w szk\u00f3\u0142 podstawowych z ca\u0142ej Polski. G\u0142\u00f3wn\u0105 misj\u0105 organizatora akcji \u2013 marki Carex &#8211; jest edukowanie dzieci w zakresie podstawowej profilaktyki zdrowia,\u00a0a tak\u017ce promowanie prawid\u0142owych nawyk\u00f3w zwi\u0105zanych z higien\u0105 r\u0105k. Podobnie jak\u00a0w ubieg\u0142ym roku, tegoroczna edycja odbywa si\u0119 pod patronatem Instytutu \u201ePomnik \u2013 Centrum Zdrowia Dziecka\u201d.<\/p>\n<h3>V edycja programu edukacyjnego &#8222;Akademia Czystych R\u0105k Carex&#8221;<\/h3>\n<div class=\"news-artykul-content content-body\"><img loading=\"lazy\" decoding=\"async\" class=\"alignleft wp-image-10533 \" src=\"http:\/\/mycielewo.pl\/wp-content\/uploads\/2014\/11\/mycie-300x285.jpg\" alt=\"mycie\" width=\"238\" height=\"226\" srcset=\"https:\/\/mycielewo.pl\/wp-content\/uploads\/2014\/11\/mycie-300x285.jpg 300w, https:\/\/mycielewo.pl\/wp-content\/uploads\/2014\/11\/mycie-250x238.jpg 250w, https:\/\/mycielewo.pl\/wp-content\/uploads\/2014\/11\/mycie.jpg 500w\" sizes=\"auto, (max-width: 238px) 100vw, 238px\" \/>Na przestrzeni kilku lat w programie wzi\u0119\u0142o udzia\u0142 ponad 2600 szk\u00f3\u0142 oraz 126000 uczni\u00f3w.<\/div>\n<div class=\"news-artykul-content content-body\"><\/div>\n<div class=\"news-artykul-content content-body\">Dzi\u0119ki udzia\u0142owi w tym programie szko\u0142a otrzyma\u0142a pakiety materia\u0142\u00f3w edukacyjnych, w tym tre\u015bci multimedialne, kt\u00f3re w przyst\u0119pny spos\u00f3b przekazuj\u0105 uczniom wskaz\u00f3wki dotycz\u0105ce profilaktyki zdrowia oraz\u00a0 pakiet myde\u0142 antybakteryjnych, kt\u00f3re b\u0119d\u0105 wyk\u0142adane w \u0142azienkach szkolnych.<br \/>\nZ programem Akademia Czystych R\u0105k Carex powi\u0105zany jest r\u00f3wnie\u017c <strong>konkurs plastyczny \u201eGdzie by\u0142y, co robi\u0142y Twoje r\u0119ce?\u201d, w kt\u00f3rym szko\u0142y mog\u0105 zdoby\u0107 atrakcyjne nagrody<\/strong> \u2013 bony edukacyjne dla zwyci\u0119skich szk\u00f3\u0142 oraz nagrody rzeczowe dla nauczycieli i uczni\u00f3w:<\/p>\n<p>Zach\u0119camy do udzia\u0142u w tym konkursie.<\/p><\/div>\n","protected":false},"excerpt":{"rendered":"<p>Nasza szko\u0142a ju\u017c po raz drugi bierze udzia\u0142 w akcji organizowanej przez firm\u0119 CAREX. Carex po raz pi\u0105ty zorganizowa\u0142 og\u00f3lnopolski program edukacyjny &#8222;Akademia Czystych R\u0105k Carex&#8221;, skierowany do uczni\u00f3w szk\u00f3\u0142 podstawowych z ca\u0142ej Polski. G\u0142\u00f3wn\u0105 misj\u0105 organizatora akcji \u2013 marki Carex &#8211; jest edukowanie dzieci w zakresie podstawowej profilaktyki zdrowia,\u00a0a tak\u017ce promowanie prawid\u0142owych nawyk\u00f3w zwi\u0105zanych&hellip; <a class=\"continue\" href=\"https:\/\/mycielewo.pl\/?p=10532\">Kontynuuj czytanie<span> Czyste r\u0119ce w Mycielewie<\/span><\/a><\/p>\n","protected":false},"author":1,"featured_media":0,"comment_status":"open","ping_status":"open","sticky":false,"template":"","format":"standard","meta":{"footnotes":""},"categories":[1],"tags":[],"class_list":["post-10532","post","type-post","status-publish","format-standard","hentry","category-bez-kategorii"],"_links":{"self":[{"href":"https:\/\/mycielewo.pl\/index.php?rest_route=\/wp\/v2\/posts\/10532","targetHints":{"allow":["GET"]}}],"collection":[{"href":"https:\/\/mycielewo.pl\/index.php?rest_route=\/wp\/v2\/posts"}],"about":[{"href":"https:\/\/mycielewo.pl\/index.php?rest_route=\/wp\/v2\/types\/post"}],"author":[{"embeddable":true,"href":"https:\/\/mycielewo.pl\/index.php?rest_route=\/wp\/v2\/users\/1"}],"replies":[{"embeddable":true,"href":"https:\/\/mycielewo.pl\/index.php?rest_route=%2Fwp%2Fv2%2Fcomments&post=10532"}],"version-history":[{"count":2,"href":"https:\/\/mycielewo.pl\/index.php?rest_route=\/wp\/v2\/posts\/10532\/revisions"}],"predecessor-version":[{"id":42112,"href":"https:\/\/mycielewo.pl\/index.php?rest_route=\/wp\/v2\/posts\/10532\/revisions\/42112"}],"wp:attachment":[{"href":"https:\/\/mycielewo.pl\/index.php?rest_route=%2Fwp%2Fv2%2Fmedia&parent=10532"}],"wp:term":[{"taxonomy":"category","embeddable":true,"href":"https:\/\/mycielewo.pl\/index.php?rest_route=%2Fwp%2Fv2%2Fcategories&post=10532"},{"taxonomy":"post_tag","embeddable":true,"href":"https:\/\/mycielewo.pl\/index.php?rest_route=%2Fwp%2Fv2%2Ftags&post=10532"}],"curies":[{"name":"wp","href":"https:\/\/api.w.org\/{rel}","templated":true}]}}